{"id":244358,"date":"2025-09-30T09:49:10","date_gmt":"2025-09-30T07:49:10","guid":{"rendered":"https:\/\/www.lm-ag.de\/?p=244358"},"modified":"2025-09-30T13:25:37","modified_gmt":"2025-09-30T11:25:37","slug":"digital-week-osnabrueck-2025","status":"publish","type":"post","link":"https:\/\/www.lm-ag.de\/en\/digitale-woche-osnabrueck-2025\/","title":{"rendered":"Digital Week Osnabr\u00fcck 2025"},"content":{"rendered":"<div class=\"et_pb_section_0 et_pb_section et_section_regular et_flex_section\">\n<div class=\"et_pb_row_0 et_pb_row et_flex_row\">\n<div class=\"et_pb_column_0 et_pb_column et-last-child et_flex_column et_pb_css_mix_blend_mode_passthrough et_flex_column_24_24 et_flex_column_24_24_tablet et_flex_column_24_24_phone\">\n<div class=\"et_pb_text_0 et_pb_text et_pb_bg_layout_light et_pb_module et_flex_module preset--module--divi-text--default\"><div class=\"et_pb_text_inner\"><h1 style=\"font-size: 50px;\">From Microsoft Fabric to AI workflows: Our recap of the Digital Week Osnabr\u00fcck<\/h1>\n<\/div><\/div>\n\n<div class=\"et_pb_text_1 et_pb_text et_pb_bg_layout_light et_pb_module et_flex_module preset--module--divi-text--default\"><div class=\"et_pb_text_inner\"><p>From <strong>Data analysis with Microsoft Fabric<\/strong>, about <strong>AI-supported document processing<\/strong> up to a critical look at the <strong>Digitisation status in Germany<\/strong> - Our presentations at the Osnabr\u00fcck Digital Week showed how close theory and practice have become. Whether <strong>Live demos<\/strong>, <strong>concrete use cases<\/strong> or <strong>Exciting discussions <\/strong>with the participants: The sessions highlighted the potential of modern data and AI technology and where we as a society still have some catching up to do.<\/p>\n<\/div><\/div>\n<\/div>\n<\/div>\n\n<div class=\"et_pb_row_1 et_pb_row et_flex_row et_animated\">\n<div class=\"et_pb_column_1 et_pb_column et_flex_column et_pb_css_mix_blend_mode_passthrough et_flex_column_24_24 et_flex_column_24_24_tablet et_flex_column_24_24_phone\">\n<div class=\"et_pb_image_0 et_pb_image et_animated et_pb_module et_flex_module preset--module--divi-image--default\"><span class=\"et_pb_image_wrap\"><img loading=\"lazy\" decoding=\"async\" src=\"https:\/\/www.lm-ag.de\/wp-content\/uploads\/2025\/09\/lm-blod-digitalewoche2025-vortragmicrosoftfabric.webp\" alt=\"LM eLympiade Games\" title=\"LM-Blog-LMeLympiade2025-Games\" width=\"1200\" height=\"800\" srcset=\"https:\/\/www.lm-ag.de\/wp-content\/uploads\/2025\/09\/lm-blod-digitalewoche2025-vortragmicrosoftfabric.webp 1200w, https:\/\/www.lm-ag.de\/wp-content\/uploads\/2025\/09\/lm-blod-digitalewoche2025-vortragmicrosoftfabric-980x653.webp 980w, https:\/\/www.lm-ag.de\/wp-content\/uploads\/2025\/09\/lm-blod-digitalewoche2025-vortragmicrosoftfabric-480x320.webp 480w\" sizes=\"(min-width: 0px) and (max-width: 480px) 480px, (min-width: 481px) and (max-width: 980px) 980px, (min-width: 981px) 1200px, 100vw\" class=\"wp-image-244365\" \/><\/span><\/div>\n<\/div>\n\n<div class=\"et_pb_column_2 et_pb_column et-last-child et_flex_column et_pb_css_mix_blend_mode_passthrough et_flex_column_24_24 et_flex_column_24_24_tablet et_flex_column_24_24_phone\">\n<div class=\"et_pb_text_2 et_pb_text et_pb_bg_layout_light et_pb_module et_flex_module preset--module--divi-text--default\"><div class=\"et_pb_text_inner\"><h4><strong>Added value from data - end-to-end analysis with Microsoft Fabric<\/strong><\/h4>\n<p>In the first presentation, Kris Cocozza took the participants on a journey through <strong>Four typical data problems<\/strong>that occur in almost every company - from a lack of transparency and data silos to inefficient processes. Step by step, he showed how these challenges can be overcome through the use of <strong>Microsoft Fabric<\/strong> can be remedied. In the live demo, Kris gave an impressive demonstration of how Microsoft Fabric brings together data and processes it in such a way that it can be used directly to generate insights for decision-making. The message was clear: if you structure data correctly, you create real added value for decisions and operational processes.<\/p>\n<\/div><\/div>\n\n<div class=\"et_pb_blurb_0 et_pb_blurb et_pb_bg_layout_light et_pb_blurb_position_left et_animated et_pb_module et_flex_module\"><div class=\"et_pb_blurb_content et_flex_module\"><div class=\"et_pb_main_blurb_image\"><span class=\"et_pb_image_wrap et_pb_only_image_mode_wrap\"><img loading=\"lazy\" decoding=\"async\" src=\"https:\/\/www.lm-ag.de\/wp-content\/uploads\/2025\/02\/LM_CloudStrategie-KI_KrisCocozza.jpeg\" width=\"260\" height=\"260\" srcset=\"https:\/\/www.lm-ag.de\/wp-content\/uploads\/2025\/02\/LM_CloudStrategie-KI_KrisCocozza.jpeg 260w, https:\/\/www.lm-ag.de\/wp-content\/uploads\/2025\/02\/LM_CloudStrategie-KI_KrisCocozza-150x150.jpeg 150w\" sizes=\"(max-width: 260px) 100vw, 260px\" class=\"et-waypoint et_pb_animation_top et_pb_animation_top_tablet et_pb_animation_top_phone wp-image-116\" \/><\/span><\/div><div class=\"et_pb_blurb_container\"><h4 class=\"et_pb_module_header\">Kris Cocozza<\/h4><div class=\"et_pb_blurb_description\"><p>Head of Analytics<\/p>\n<p><a style=\"border-bottom: 0px !important;\" href=\"https:\/\/www.linkedin.com\/in\/kris-cocozza\/\"><img loading=\"lazy\" decoding=\"async\" src=\"\/wp-content\/uploads\/2025\/02\/LM_Signatur_Icon_LinkedIn.svg\" alt=\"\" width=\"30\" height=\"30\" \/><\/a><\/p>\n<\/div><\/div><\/div><\/div>\n<\/div>\n<\/div>\n\n<div class=\"et_pb_row_2 et_pb_row et_flex_row et_animated\">\n<div class=\"et_pb_column_3 et_pb_column et_flex_column et_pb_css_mix_blend_mode_passthrough et_flex_column_24_24 et_flex_column_24_24_tablet et_flex_column_24_24_phone\">\n<div class=\"et_pb_text_3 et_pb_text et_pb_bg_layout_light et_pb_module et_flex_module preset--module--divi-text--default\"><div class=\"et_pb_text_inner\"><h4><strong>Automatically analyse and process delivery notes or orders<\/strong><\/h4>\n<p>In the second lecture, Stephan Sostmann and Myriam Erath presented together how <strong>Artificial intelligence<\/strong> can perform monotonous and error-prone tasks in practice. The focus was on a <strong>Demo<\/strong>which showed how incoming delivery notes or orders are processed automatically and integrated into existing workflows.<\/p>\n<\/div><\/div>\n\n<div class=\"et_pb_blurb_1 et_pb_blurb et_pb_bg_layout_light et_pb_blurb_position_left et_animated et_pb_module et_flex_module\"><div class=\"et_pb_blurb_content et_flex_module\"><div class=\"et_pb_main_blurb_image\"><span class=\"et_pb_image_wrap et_pb_only_image_mode_wrap\"><img loading=\"lazy\" decoding=\"async\" src=\"https:\/\/www.lm-ag.de\/wp-content\/uploads\/2025\/03\/LM_Kompetenzentwicklung_StephanSostmann.webp\" alt=\"Contact Stephan Sostmann\" width=\"300\" height=\"300\" srcset=\"https:\/\/www.lm-ag.de\/wp-content\/uploads\/2025\/03\/LM_Kompetenzentwicklung_StephanSostmann.webp 300w, https:\/\/www.lm-ag.de\/wp-content\/uploads\/2025\/03\/LM_Kompetenzentwicklung_StephanSostmann-150x150.webp 150w\" sizes=\"(max-width: 300px) 100vw, 300px\" class=\"et-waypoint et_pb_animation_top et_pb_animation_top_tablet et_pb_animation_top_phone wp-image-239393\" \/><\/span><\/div><div class=\"et_pb_blurb_container\"><h4 class=\"et_pb_module_header\">Stephan Sostmann<\/h4><div class=\"et_pb_blurb_description\"><p>Head of Training<\/p>\n<p><a style=\"border-bottom: 0px !important;\" href=\"https:\/\/www.linkedin.com\/in\/stephansostmann\/\"><img loading=\"lazy\" decoding=\"async\" src=\"\/wp-content\/uploads\/2025\/02\/LM_Signatur_Icon_LinkedIn.svg\" alt=\"\" width=\"30\" height=\"30\" \/><\/a><\/p>\n<\/div><\/div><\/div><\/div>\n<\/div>\n\n<div class=\"et_pb_column_4 et_pb_column et-last-child et_flex_column et_pb_css_mix_blend_mode_passthrough et_flex_column_24_24 et_flex_column_24_24_tablet et_flex_column_24_24_phone\">\n<div class=\"et_pb_image_1 et_pb_image et_animated et_pb_module et_flex_module preset--module--divi-image--default\"><span class=\"et_pb_image_wrap\"><img loading=\"lazy\" decoding=\"async\" src=\"https:\/\/www.lm-ag.de\/wp-content\/uploads\/2025\/09\/lm-blod-digitalewoche2025-vortragoptimierung.webp\" alt=\"LM eLympiade 2025 winners\" title=\"LM-Blog-LMeLympiade2025 winners\" width=\"1200\" height=\"800\" srcset=\"https:\/\/www.lm-ag.de\/wp-content\/uploads\/2025\/09\/lm-blod-digitalewoche2025-vortragoptimierung.webp 1200w, https:\/\/www.lm-ag.de\/wp-content\/uploads\/2025\/09\/lm-blod-digitalewoche2025-vortragoptimierung-980x653.webp 980w, https:\/\/www.lm-ag.de\/wp-content\/uploads\/2025\/09\/lm-blod-digitalewoche2025-vortragoptimierung-480x320.webp 480w\" sizes=\"(min-width: 0px) and (max-width: 480px) 480px, (min-width: 481px) and (max-width: 980px) 980px, (min-width: 981px) 1200px, 100vw\" class=\"wp-image-244366\" \/><\/span><\/div>\n<\/div>\n<\/div>\n\n<div class=\"et_pb_row_3 et_pb_row et_flex_row\">\n<div class=\"et_pb_column_5 et_pb_column et-last-child et_flex_column et_pb_css_mix_blend_mode_passthrough et_flex_column_24_24 et_flex_column_24_24_tablet et_flex_column_24_24_phone\">\n<div class=\"et_pb_image_2 et_pb_image et_animated et_pb_module et_flex_module preset--module--divi-image--default\"><span class=\"et_pb_image_wrap\"><img loading=\"lazy\" decoding=\"async\" src=\"https:\/\/www.lm-ag.de\/wp-content\/uploads\/2025\/09\/lm-blod-digitalewoche2025-vortragoptimierung.webp\" alt=\"LM eLympiade 2025 winners\" title=\"LM-Blog-LMeLympiade2025 winners\" width=\"1200\" height=\"800\" srcset=\"https:\/\/www.lm-ag.de\/wp-content\/uploads\/2025\/09\/lm-blod-digitalewoche2025-vortragoptimierung.webp 1200w, https:\/\/www.lm-ag.de\/wp-content\/uploads\/2025\/09\/lm-blod-digitalewoche2025-vortragoptimierung-980x653.webp 980w, https:\/\/www.lm-ag.de\/wp-content\/uploads\/2025\/09\/lm-blod-digitalewoche2025-vortragoptimierung-480x320.webp 480w\" sizes=\"(min-width: 0px) and (max-width: 480px) 480px, (min-width: 481px) and (max-width: 980px) 980px, (min-width: 981px) 1200px, 100vw\" class=\"wp-image-244366\" \/><\/span><\/div>\n\n<div class=\"et_pb_text_4 et_pb_text et_pb_bg_layout_light et_pb_module et_flex_module preset--module--divi-text--default\"><div class=\"et_pb_text_inner\"><h4><strong>Automatically analyse and process delivery notes or orders<\/strong><\/h4>\n<p>In the second lecture, Stephan Sostmann and Myriam Erath presented together how <strong>Artificial intelligence<\/strong> can perform monotonous and error-prone tasks in practice. The focus was on a <strong>Demo<\/strong>which showed how incoming delivery notes or orders are processed automatically and integrated into existing workflows.<\/p>\n<\/div><\/div>\n\n<div class=\"et_pb_blurb_2 et_pb_blurb et_pb_bg_layout_light et_pb_blurb_position_left et_animated et_pb_module et_flex_module\"><div class=\"et_pb_blurb_content et_flex_module\"><div class=\"et_pb_main_blurb_image\"><span class=\"et_pb_image_wrap et_pb_only_image_mode_wrap\"><img loading=\"lazy\" decoding=\"async\" src=\"https:\/\/www.lm-ag.de\/wp-content\/uploads\/2025\/03\/LM_Kompetenzentwicklung_StephanSostmann.webp\" alt=\"Contact Stephan Sostmann\" width=\"300\" height=\"300\" srcset=\"https:\/\/www.lm-ag.de\/wp-content\/uploads\/2025\/03\/LM_Kompetenzentwicklung_StephanSostmann.webp 300w, https:\/\/www.lm-ag.de\/wp-content\/uploads\/2025\/03\/LM_Kompetenzentwicklung_StephanSostmann-150x150.webp 150w\" sizes=\"(max-width: 300px) 100vw, 300px\" class=\"et-waypoint et_pb_animation_top et_pb_animation_top_tablet et_pb_animation_top_phone wp-image-239393\" \/><\/span><\/div><div class=\"et_pb_blurb_container\"><h4 class=\"et_pb_module_header\">Stephan Sostmann<\/h4><div class=\"et_pb_blurb_description\"><p>Head of Training<\/p>\n<p><a style=\"border-bottom: 0px !important;\" href=\"https:\/\/www.linkedin.com\/in\/stephansostmann\/\"><img loading=\"lazy\" decoding=\"async\" src=\"\/wp-content\/uploads\/2025\/02\/LM_Signatur_Icon_LinkedIn.svg\" alt=\"\" width=\"30\" height=\"30\" \/><\/a><\/p>\n<\/div><\/div><\/div><\/div>\n<\/div>\n<\/div>\n\n<div class=\"et_pb_row_4 et_pb_row et_flex_row et_animated\">\n<div class=\"et_pb_column_6 et_pb_column et_flex_column et_pb_css_mix_blend_mode_passthrough et_flex_column_24_24 et_flex_column_24_24_tablet et_flex_column_24_24_phone\">\n<div class=\"et_pb_image_3 et_pb_image et_animated et_pb_module et_flex_module preset--module--divi-image--default\"><span class=\"et_pb_image_wrap\"><img loading=\"lazy\" decoding=\"async\" src=\"https:\/\/www.lm-ag.de\/wp-content\/uploads\/2025\/09\/lm-blod-digitalewoche2025-vortragprozesse.webp\" alt=\"LM eLympiade Games\" title=\"LM-Blog-LMeLympiade2025-Games\" width=\"1200\" height=\"800\" srcset=\"https:\/\/www.lm-ag.de\/wp-content\/uploads\/2025\/09\/lm-blod-digitalewoche2025-vortragprozesse.webp 1200w, https:\/\/www.lm-ag.de\/wp-content\/uploads\/2025\/09\/lm-blod-digitalewoche2025-vortragprozesse-980x653.webp 980w, https:\/\/www.lm-ag.de\/wp-content\/uploads\/2025\/09\/lm-blod-digitalewoche2025-vortragprozesse-480x320.webp 480w\" sizes=\"(min-width: 0px) and (max-width: 480px) 480px, (min-width: 481px) and (max-width: 980px) 980px, (min-width: 981px) 1200px, 100vw\" class=\"wp-image-244367\" \/><\/span><\/div>\n<\/div>\n\n<div class=\"et_pb_column_7 et_pb_column et-last-child et_flex_column et_pb_css_mix_blend_mode_passthrough et_flex_column_24_24 et_flex_column_24_24_tablet et_flex_column_24_24_phone\">\n<div class=\"et_pb_text_5 et_pb_text et_pb_bg_layout_light et_pb_module et_flex_module preset--module--divi-text--default\"><div class=\"et_pb_text_inner\"><h4>Digitalisation in business and society: opportunities, risks, possibilities - where do we stand?<\/h4>\n<p>Dr Tim Arlinghaus gave an overview of the status of digitalisation in Germany and made it clear how great the challenges in schools and public authorities still are. At the same time, he used specific examples to show how AI is already <strong>Processes more efficient<\/strong> This is what AI does: dental cleaning invoices from health insurance companies are checked automatically, contact forms are sorted intelligently and documents can be searched in seconds with the help of AI. The message: AI can be used to <strong>Streamline processes, relieve employees<\/strong> and create more space for value-adding tasks.<\/p>\n<\/div><\/div>\n\n<div class=\"et_pb_blurb_3 et_pb_blurb et_pb_bg_layout_light et_pb_blurb_position_left et_animated et_pb_module et_flex_module\"><div class=\"et_pb_blurb_content et_flex_module\"><div class=\"et_pb_main_blurb_image\"><span class=\"et_pb_image_wrap et_pb_only_image_mode_wrap\"><img loading=\"lazy\" decoding=\"async\" src=\"https:\/\/www.lm-ag.de\/wp-content\/uploads\/2025\/03\/LM_Prozessoptimierung_TimArlinghaus3.png\" alt=\"Contact Tim Arlinghaus\" width=\"260\" height=\"260\" srcset=\"https:\/\/www.lm-ag.de\/wp-content\/uploads\/2025\/03\/LM_Prozessoptimierung_TimArlinghaus3.png 260w, https:\/\/www.lm-ag.de\/wp-content\/uploads\/2025\/03\/LM_Prozessoptimierung_TimArlinghaus3-150x150.png 150w\" sizes=\"(max-width: 260px) 100vw, 260px\" class=\"et-waypoint et_pb_animation_top et_pb_animation_top_tablet et_pb_animation_top_phone wp-image-239085\" \/><\/span><\/div><div class=\"et_pb_blurb_container\"><h4 class=\"et_pb_module_header\">Dr Tim Arlinghaus<\/h4><div class=\"et_pb_blurb_description\"><p>Process Analyst<\/p>\n<p><a style=\"border-bottom: 0px !important;\" href=\"https:\/\/www.linkedin.com\/in\/dr-tim-arlinghaus-4b844810a\/\"><img loading=\"lazy\" decoding=\"async\" src=\"\/wp-content\/uploads\/2025\/02\/LM_Signatur_Icon_LinkedIn.svg\" alt=\"\" width=\"30\" height=\"30\" \/><\/a><\/p>\n<\/div><\/div><\/div><\/div>\n<\/div>\n<\/div>\n\n<div class=\"et_pb_row_5 et_pb_row et_flex_row et_animated\">\n<div class=\"et_pb_column_8 et_pb_column et_flex_column et_pb_css_mix_blend_mode_passthrough et_flex_column_24_24 et_flex_column_24_24_tablet et_flex_column_24_24_phone\">\n<div class=\"et_pb_text_6 et_pb_text et_pb_bg_layout_light et_pb_module et_flex_module preset--module--divi-text--default\"><div class=\"et_pb_text_inner\"><h4>Making life easier - automating tasks in Office 365<\/h4>\n<p>Stephan Sostmann gave a practical introduction to the world of <strong>Power Automate<\/strong> and showed how everyday tasks can be transformed into <strong>Automate Microsoft Office 365<\/strong> let. The presentation conveyed the advantages and possible applications of the tool, provided orientation in the user interface, showed available triggers and actions and explained step by step how to create your own workflow. The result: recurring routine tasks can be digitally mapped with minimal effort - freeing up valuable time.<\/p>\n<\/div><\/div>\n\n<div class=\"et_pb_blurb_4 et_pb_blurb et_pb_bg_layout_light et_pb_blurb_position_left et_animated et_pb_module et_flex_module\"><div class=\"et_pb_blurb_content et_flex_module\"><div class=\"et_pb_main_blurb_image\"><span class=\"et_pb_image_wrap et_pb_only_image_mode_wrap\"><img loading=\"lazy\" decoding=\"async\" src=\"https:\/\/www.lm-ag.de\/wp-content\/uploads\/2025\/03\/LM_Kompetenzentwicklung_StephanSostmann.webp\" alt=\"Contact Stephan Sostmann\" width=\"300\" height=\"300\" srcset=\"https:\/\/www.lm-ag.de\/wp-content\/uploads\/2025\/03\/LM_Kompetenzentwicklung_StephanSostmann.webp 300w, https:\/\/www.lm-ag.de\/wp-content\/uploads\/2025\/03\/LM_Kompetenzentwicklung_StephanSostmann-150x150.webp 150w\" sizes=\"(max-width: 300px) 100vw, 300px\" class=\"et-waypoint et_pb_animation_top et_pb_animation_top_tablet et_pb_animation_top_phone wp-image-239393\" \/><\/span><\/div><div class=\"et_pb_blurb_container\"><h4 class=\"et_pb_module_header\">Stephan Sostmann<\/h4><div class=\"et_pb_blurb_description\"><p>Head of Training<\/p>\n<p><a style=\"border-bottom: 0px !important;\" href=\"https:\/\/www.linkedin.com\/in\/stephansostmann\/\"><img loading=\"lazy\" decoding=\"async\" src=\"\/wp-content\/uploads\/2025\/02\/LM_Signatur_Icon_LinkedIn.svg\" alt=\"\" width=\"30\" height=\"30\" \/><\/a><\/p>\n<\/div><\/div><\/div><\/div>\n<\/div>\n\n<div class=\"et_pb_column_9 et_pb_column et-last-child et_flex_column et_pb_css_mix_blend_mode_passthrough et_flex_column_24_24 et_flex_column_24_24_tablet et_flex_column_24_24_phone\">\n<div class=\"et_pb_image_4 et_pb_image et_animated et_pb_module et_flex_module preset--module--divi-image--default\"><span class=\"et_pb_image_wrap\"><img loading=\"lazy\" decoding=\"async\" src=\"https:\/\/www.lm-ag.de\/wp-content\/uploads\/2025\/09\/lm-blod-digitalewoche2025-vortragautomatisierung.webp\" alt=\"LM eLympiade 2025 winners\" title=\"LM-Blog-LMeLympiade2025 winners\" width=\"1200\" height=\"800\" srcset=\"https:\/\/www.lm-ag.de\/wp-content\/uploads\/2025\/09\/lm-blod-digitalewoche2025-vortragautomatisierung.webp 1200w, https:\/\/www.lm-ag.de\/wp-content\/uploads\/2025\/09\/lm-blod-digitalewoche2025-vortragautomatisierung-980x653.webp 980w, https:\/\/www.lm-ag.de\/wp-content\/uploads\/2025\/09\/lm-blod-digitalewoche2025-vortragautomatisierung-480x320.webp 480w\" sizes=\"(min-width: 0px) and (max-width: 480px) 480px, (min-width: 481px) and (max-width: 980px) 980px, (min-width: 981px) 1200px, 100vw\" class=\"wp-image-244368\" \/><\/span><\/div>\n<\/div>\n<\/div>\n\n<div class=\"et_pb_row_6 et_pb_row et_flex_row\">\n<div class=\"et_pb_column_10 et_pb_column et-last-child et_flex_column et_pb_css_mix_blend_mode_passthrough et_flex_column_24_24 et_flex_column_24_24_tablet et_flex_column_24_24_phone\">\n<div class=\"et_pb_image_5 et_pb_image et_animated et_pb_module et_flex_module preset--module--divi-image--default\"><span class=\"et_pb_image_wrap\"><img loading=\"lazy\" decoding=\"async\" src=\"https:\/\/www.lm-ag.de\/wp-content\/uploads\/2025\/09\/lm-blod-digitalewoche2025-vortragautomatisierung.webp\" alt=\"LM eLympiade 2025 winners\" title=\"LM-Blog-LMeLympiade2025 winners\" width=\"1200\" height=\"800\" srcset=\"https:\/\/www.lm-ag.de\/wp-content\/uploads\/2025\/09\/lm-blod-digitalewoche2025-vortragautomatisierung.webp 1200w, https:\/\/www.lm-ag.de\/wp-content\/uploads\/2025\/09\/lm-blod-digitalewoche2025-vortragautomatisierung-980x653.webp 980w, https:\/\/www.lm-ag.de\/wp-content\/uploads\/2025\/09\/lm-blod-digitalewoche2025-vortragautomatisierung-480x320.webp 480w\" sizes=\"(min-width: 0px) and (max-width: 480px) 480px, (min-width: 481px) and (max-width: 980px) 980px, (min-width: 981px) 1200px, 100vw\" class=\"wp-image-244368\" \/><\/span><\/div>\n\n<div class=\"et_pb_text_7 et_pb_text et_pb_bg_layout_light et_pb_module et_flex_module preset--module--divi-text--default\"><div class=\"et_pb_text_inner\"><h4>Making life easier - automating tasks in Office 365<\/h4>\n<p>Stephan Sostmann gave a practical introduction to the world of <strong>Power Automate<\/strong> and showed how everyday tasks can be transformed into <strong>Automate Office 365<\/strong> let. The presentation conveyed the advantages and possible applications of the tool, provided orientation in the user interface, showed available triggers and actions and explained step by step how to create your own workflow. The result: recurring routine tasks can be digitally mapped with minimal effort - freeing up valuable time.<\/p>\n<\/div><\/div>\n\n<div class=\"et_pb_blurb_5 et_pb_blurb et_pb_bg_layout_light et_pb_blurb_position_left et_animated et_pb_module et_flex_module\"><div class=\"et_pb_blurb_content et_flex_module\"><div class=\"et_pb_main_blurb_image\"><span class=\"et_pb_image_wrap et_pb_only_image_mode_wrap\"><img loading=\"lazy\" decoding=\"async\" src=\"https:\/\/www.lm-ag.de\/wp-content\/uploads\/2025\/03\/LM_Kompetenzentwicklung_StephanSostmann.webp\" alt=\"Contact Stephan Sostmann\" width=\"300\" height=\"300\" srcset=\"https:\/\/www.lm-ag.de\/wp-content\/uploads\/2025\/03\/LM_Kompetenzentwicklung_StephanSostmann.webp 300w, https:\/\/www.lm-ag.de\/wp-content\/uploads\/2025\/03\/LM_Kompetenzentwicklung_StephanSostmann-150x150.webp 150w\" sizes=\"(max-width: 300px) 100vw, 300px\" class=\"et-waypoint et_pb_animation_top et_pb_animation_top_tablet et_pb_animation_top_phone wp-image-239393\" \/><\/span><\/div><div class=\"et_pb_blurb_container\"><h4 class=\"et_pb_module_header\">Stephan Sostmann<\/h4><div class=\"et_pb_blurb_description\"><p>Head of Training<\/p>\n<p><a style=\"border-bottom: 0px !important;\" href=\"https:\/\/www.linkedin.com\/in\/stephansostmann\/\"><img loading=\"lazy\" decoding=\"async\" src=\"\/wp-content\/uploads\/2025\/02\/LM_Signatur_Icon_LinkedIn.svg\" alt=\"\" width=\"30\" height=\"30\" \/><\/a><\/p>\n<\/div><\/div><\/div><\/div>\n<\/div>\n<\/div>\n\n<div class=\"et_pb_row_7 et_pb_row et_flex_row et_animated\">\n<div class=\"et_pb_column_11 et_pb_column et_flex_column et_pb_css_mix_blend_mode_passthrough et_flex_column_24_24 et_flex_column_24_24_tablet et_flex_column_24_24_phone\">\n<div class=\"et_pb_image_6 et_pb_image et_animated et_pb_module et_flex_module preset--module--divi-image--default\"><span class=\"et_pb_image_wrap\"><img loading=\"lazy\" decoding=\"async\" src=\"https:\/\/www.lm-ag.de\/wp-content\/uploads\/2025\/09\/lm-blog-digitalewoche2025-vortragpasswort.webp\" alt=\"LM eLympiade Games\" title=\"LM-Blog-LMeLympiade2025-Games\" width=\"1200\" height=\"800\" srcset=\"https:\/\/www.lm-ag.de\/wp-content\/uploads\/2025\/09\/lm-blog-digitalewoche2025-vortragpasswort.webp 1200w, https:\/\/www.lm-ag.de\/wp-content\/uploads\/2025\/09\/lm-blog-digitalewoche2025-vortragpasswort-980x653.webp 980w, https:\/\/www.lm-ag.de\/wp-content\/uploads\/2025\/09\/lm-blog-digitalewoche2025-vortragpasswort-480x320.webp 480w\" sizes=\"(min-width: 0px) and (max-width: 480px) 480px, (min-width: 481px) and (max-width: 980px) 980px, (min-width: 981px) 1200px, 100vw\" class=\"wp-image-244369\" \/><\/span><\/div>\n<\/div>\n\n<div class=\"et_pb_column_12 et_pb_column et-last-child et_flex_column et_pb_css_mix_blend_mode_passthrough et_flex_column_24_24 et_flex_column_24_24_tablet et_flex_column_24_24_phone\">\n<div class=\"et_pb_text_8 et_pb_text et_pb_bg_layout_light et_pb_module et_flex_module preset--module--divi-text--default\"><div class=\"et_pb_text_inner\"><h4><strong>Passwords are secure when you don't need one<\/strong><\/h4>\n<p>In our last presentation, Sebastian Runde took up a topic that <strong>affects everyone - privately and professionally<\/strong>: the security of passwords. After a clear presentation of typical problems and common mistakes when dealing with passwords, he showed forward-looking alternatives. The focus was on <strong>Passwordless identification<\/strong>for example through <strong>FIDO2 security key<\/strong>. These approaches are not only more user-friendly, but also offer significantly more protection against misuse. The presentation made it clear that anyone dealing with modern authentication methods today is <strong>close to the pulse of a key technology of the future<\/strong><\/p>\n<\/div><\/div>\n\n<div class=\"et_pb_blurb_6 et_pb_blurb et_pb_bg_layout_light et_pb_blurb_position_left et_animated et_pb_module et_flex_module\"><div class=\"et_pb_blurb_content et_flex_module\"><div class=\"et_pb_main_blurb_image\"><span class=\"et_pb_image_wrap et_pb_only_image_mode_wrap\"><img loading=\"lazy\" decoding=\"async\" src=\"https:\/\/www.lm-ag.de\/wp-content\/uploads\/2025\/03\/LM_Team_24.jpg\" alt=\"Team LM IT Services AG\" width=\"200\" height=\"200\" srcset=\"https:\/\/www.lm-ag.de\/wp-content\/uploads\/2025\/03\/LM_Team_24.jpg 200w, https:\/\/www.lm-ag.de\/wp-content\/uploads\/2025\/03\/LM_Team_24-150x150.jpg 150w\" sizes=\"(max-width: 200px) 100vw, 200px\" class=\"et-waypoint et_pb_animation_top et_pb_animation_top_tablet et_pb_animation_top_phone wp-image-755\" \/><\/span><\/div><div class=\"et_pb_blurb_container\"><h4 class=\"et_pb_module_header\">Sebastian Runde<\/h4><div class=\"et_pb_blurb_description\"><p>Trainer &amp; Consultant<\/p>\n<p><a style=\"border-bottom: 0px !important;\" href=\"https:\/\/www.linkedin.com\/in\/sebastian-runde-7b3725243\/\"><img loading=\"lazy\" decoding=\"async\" src=\"\/wp-content\/uploads\/2025\/02\/LM_Signatur_Icon_LinkedIn.svg\" alt=\"\" width=\"30\" height=\"30\" \/><\/a><\/p>\n<\/div><\/div><\/div><\/div>\n<\/div>\n<\/div>\n\n<div class=\"et_pb_row_8 et_pb_row et_flex_row\">\n<div class=\"et_pb_column_13 et_pb_column et-last-child et_flex_column et_pb_css_mix_blend_mode_passthrough et_flex_column_24_24 et_flex_column_24_24_tablet et_flex_column_24_24_phone\">\n<div class=\"et_pb_text_9 et_pb_text et_pb_bg_layout_light et_pb_module et_flex_module preset--module--divi-text--default\"><div class=\"et_pb_text_inner\"><p data-start=\"112\" data-end=\"467\">The <strong>Digital Week Osnabr\u00fcck<\/strong> has once again shown how close theory and practice are when it comes to <strong>Data, AI and digitalisation<\/strong> move closer together. From live demos and specific use cases to critical insights into the state of digitalisation - the event made it clear how companies are already benefiting from digitalisation today. <strong>modern technologies<\/strong> can benefit.<\/p>\n<p data-start=\"469\" data-end=\"835\">If you would also like to make your company fit for the digital future or need specific support in implementing<strong> AI and automation solutions<\/strong> If you are looking for a customised solution, let our experts advise you. Discover how we can work together to streamline processes, reduce the workload of employees and maximise the added value of data and technologies.<\/p>\n<\/div><\/div>\n\n<div class=\"et_pb_module et_pb_button_module_wrapper et_pb_button_0_wrapper preset--module--divi-button--default_wrapper\"><a class=\"et_pb_button_0 et_pb_button et_pb_bg_layout_dark et_pb_module et_flex_module preset--module--divi-button--default\" href=\"https:\/\/outlook.office.com.mcas.ms\/book\/Bookings-Terminanfrage@lm-ag.de\/?ismsaljsauthenabled=true\" target=\"_blank\" data-icon=\"\uf105\">Make an appointment directly<\/a><\/div>\n<\/div>\n<\/div>\n<\/div>","protected":false},"excerpt":{"rendered":"<p>Our Osnabr\u00fcck Digital Week recap: from Microsoft Fabric and AI-supported workflows to insights into the state of digitalisation in Germany<\/p>","protected":false},"author":3,"featured_media":244364,"comment_status":"closed","ping_status":"open","sticky":false,"template":"","format":"standard","meta":{"footnotes":""},"categories":[30],"tags":[],"class_list":["post-244358","post","type-post","status-publish","format-standard","has-post-thumbnail","hentry","category-ueber-lm"],"yoast_head":"<!-- This site is optimized with the Yoast SEO plugin v27.1.1 - https:\/\/yoast.com\/product\/yoast-seo-wordpress\/ -->\n<title>Digitale Woche Osnabr\u00fcck 2025 - LM IT Services AG<\/title>\n<meta name=\"description\" content=\"Recap Digitale Woche Osnabr\u00fcck 2025: Von Microsoft Fabric \u00fcber KI-gest\u00fctzte Workflows bis zu Einblicken in den Digitalisierungsstand.\" \/>\n<meta name=\"robots\" content=\"index, follow, max-snippet:-1, max-image-preview:large, max-video-preview:-1\" \/>\n<link rel=\"canonical\" href=\"https:\/\/www.lm-ag.de\/en\/digital-week-osnabrueck-2025\/\" \/>\n<meta property=\"og:locale\" content=\"en_GB\" \/>\n<meta property=\"og:type\" content=\"article\" \/>\n<meta property=\"og:title\" content=\"Digitale Woche Osnabr\u00fcck 2025 - LM IT Services AG\" \/>\n<meta property=\"og:description\" content=\"Recap Digitale Woche Osnabr\u00fcck 2025: Von Microsoft Fabric \u00fcber KI-gest\u00fctzte Workflows bis zu Einblicken in den Digitalisierungsstand.\" \/>\n<meta property=\"og:url\" content=\"https:\/\/www.lm-ag.de\/en\/digital-week-osnabrueck-2025\/\" \/>\n<meta property=\"og:site_name\" content=\"LM IT Services AG\" \/>\n<meta property=\"article:publisher\" content=\"https:\/\/www.facebook.com\/LMITServicesAG\" \/>\n<meta property=\"article:published_time\" content=\"2025-09-30T07:49:10+00:00\" \/>\n<meta property=\"article:modified_time\" content=\"2025-09-30T11:25:37+00:00\" \/>\n<meta property=\"og:image\" content=\"https:\/\/www.lm-ag.de\/wp-content\/uploads\/2025\/09\/lm-blog-digitalewoche2025-hero.webp\" \/>\n\t<meta property=\"og:image:width\" content=\"1920\" \/>\n\t<meta property=\"og:image:height\" content=\"570\" \/>\n\t<meta property=\"og:image:type\" content=\"image\/webp\" \/>\n<meta name=\"author\" content=\"jmandel\" \/>\n<meta name=\"twitter:card\" content=\"summary_large_image\" \/>\n<meta name=\"twitter:label1\" content=\"Written by\" \/>\n\t<meta name=\"twitter:data1\" content=\"jmandel\" \/>\n\t<meta name=\"twitter:label2\" content=\"Estimated reading time\" \/>\n\t<meta name=\"twitter:data2\" content=\"1 minute\" \/>\n<script type=\"application\/ld+json\" class=\"yoast-schema-graph\">{\"@context\":\"https:\/\/schema.org\",\"@graph\":[{\"@type\":\"Article\",\"@id\":\"https:\/\/www.lm-ag.de\/digitale-woche-osnabrueck-2025\/#article\",\"isPartOf\":{\"@id\":\"https:\/\/www.lm-ag.de\/digitale-woche-osnabrueck-2025\/\"},\"author\":{\"name\":\"jmandel\",\"@id\":\"https:\/\/www.lm-ag.de\/#\/schema\/person\/ff28b446631f0f08d8110d9a7948b746\"},\"headline\":\"Digitale Woche Osnabr\u00fcck 2025\",\"datePublished\":\"2025-09-30T07:49:10+00:00\",\"dateModified\":\"2025-09-30T11:25:37+00:00\",\"mainEntityOfPage\":{\"@id\":\"https:\/\/www.lm-ag.de\/digitale-woche-osnabrueck-2025\/\"},\"wordCount\":4,\"publisher\":{\"@id\":\"https:\/\/www.lm-ag.de\/#organization\"},\"image\":{\"@id\":\"https:\/\/www.lm-ag.de\/digitale-woche-osnabrueck-2025\/#primaryimage\"},\"thumbnailUrl\":\"https:\/\/www.lm-ag.de\/wp-content\/uploads\/2025\/09\/lm-blog-digitalewoche2025-hero.webp\",\"articleSection\":[\"\u00dcber LM\"],\"inLanguage\":\"en-GB\"},{\"@type\":\"WebPage\",\"@id\":\"https:\/\/www.lm-ag.de\/digitale-woche-osnabrueck-2025\/\",\"url\":\"https:\/\/www.lm-ag.de\/digitale-woche-osnabrueck-2025\/\",\"name\":\"Digitale Woche Osnabr\u00fcck 2025 - LM IT Services AG\",\"isPartOf\":{\"@id\":\"https:\/\/www.lm-ag.de\/#website\"},\"primaryImageOfPage\":{\"@id\":\"https:\/\/www.lm-ag.de\/digitale-woche-osnabrueck-2025\/#primaryimage\"},\"image\":{\"@id\":\"https:\/\/www.lm-ag.de\/digitale-woche-osnabrueck-2025\/#primaryimage\"},\"thumbnailUrl\":\"https:\/\/www.lm-ag.de\/wp-content\/uploads\/2025\/09\/lm-blog-digitalewoche2025-hero.webp\",\"datePublished\":\"2025-09-30T07:49:10+00:00\",\"dateModified\":\"2025-09-30T11:25:37+00:00\",\"description\":\"Recap Digitale Woche Osnabr\u00fcck 2025: Von Microsoft Fabric \u00fcber KI-gest\u00fctzte Workflows bis zu Einblicken in den Digitalisierungsstand.\",\"breadcrumb\":{\"@id\":\"https:\/\/www.lm-ag.de\/digitale-woche-osnabrueck-2025\/#breadcrumb\"},\"inLanguage\":\"en-GB\",\"potentialAction\":[{\"@type\":\"ReadAction\",\"target\":[\"https:\/\/www.lm-ag.de\/digitale-woche-osnabrueck-2025\/\"]}]},{\"@type\":\"ImageObject\",\"inLanguage\":\"en-GB\",\"@id\":\"https:\/\/www.lm-ag.de\/digitale-woche-osnabrueck-2025\/#primaryimage\",\"url\":\"https:\/\/www.lm-ag.de\/wp-content\/uploads\/2025\/09\/lm-blog-digitalewoche2025-hero.webp\",\"contentUrl\":\"https:\/\/www.lm-ag.de\/wp-content\/uploads\/2025\/09\/lm-blog-digitalewoche2025-hero.webp\",\"width\":1920,\"height\":570,\"caption\":\"digitale woche 2025\"},{\"@type\":\"BreadcrumbList\",\"@id\":\"https:\/\/www.lm-ag.de\/digitale-woche-osnabrueck-2025\/#breadcrumb\",\"itemListElement\":[{\"@type\":\"ListItem\",\"position\":1,\"name\":\"Home\",\"item\":\"https:\/\/www.lm-ag.de\/\"},{\"@type\":\"ListItem\",\"position\":2,\"name\":\"Digitale Woche Osnabr\u00fcck 2025\"}]},{\"@type\":\"WebSite\",\"@id\":\"https:\/\/www.lm-ag.de\/#website\",\"url\":\"https:\/\/www.lm-ag.de\/\",\"name\":\"LM IT Services AG\",\"description\":\"Der IT Dienstleister aus Osnabr\u00fcck\",\"publisher\":{\"@id\":\"https:\/\/www.lm-ag.de\/#organization\"},\"potentialAction\":[{\"@type\":\"SearchAction\",\"target\":{\"@type\":\"EntryPoint\",\"urlTemplate\":\"https:\/\/www.lm-ag.de\/?s={search_term_string}\"},\"query-input\":{\"@type\":\"PropertyValueSpecification\",\"valueRequired\":true,\"valueName\":\"search_term_string\"}}],\"inLanguage\":\"en-GB\"},{\"@type\":\"Organization\",\"@id\":\"https:\/\/www.lm-ag.de\/#organization\",\"name\":\"LM IT Services AG\",\"url\":\"https:\/\/www.lm-ag.de\/\",\"logo\":{\"@type\":\"ImageObject\",\"inLanguage\":\"en-GB\",\"@id\":\"https:\/\/www.lm-ag.de\/#\/schema\/logo\/image\/\",\"url\":\"https:\/\/www.lm-ag.de\/wp-content\/uploads\/2025\/04\/LM_Historie-2022.svg\",\"contentUrl\":\"https:\/\/www.lm-ag.de\/wp-content\/uploads\/2025\/04\/LM_Historie-2022.svg\",\"width\":1,\"height\":1,\"caption\":\"LM IT Services AG\"},\"image\":{\"@id\":\"https:\/\/www.lm-ag.de\/#\/schema\/logo\/image\/\"},\"sameAs\":[\"https:\/\/www.facebook.com\/LMITServicesAG\",\"https:\/\/www.linkedin.com\/company\/lm-it-services-ag\/\",\"https:\/\/www.instagram.com\/lmitservicesag\/\",\"https:\/\/www.youtube.com\/channel\/UC8C4s1Arjmt9NgOBgzpH39Q\"]},{\"@type\":\"Person\",\"@id\":\"https:\/\/www.lm-ag.de\/#\/schema\/person\/ff28b446631f0f08d8110d9a7948b746\",\"name\":\"jmandel\"}]}<\/script>\n<!-- \/ Yoast SEO plugin. -->","yoast_head_json":{"title":"Digital Week Osnabr\u00fcck 2025 - LM IT Services AG","description":"Recap Digital Week Osnabr\u00fcck 2025: From Microsoft Fabric and AI-supported workflows to insights into the state of digitalisation.","robots":{"index":"index","follow":"follow","max-snippet":"max-snippet:-1","max-image-preview":"max-image-preview:large","max-video-preview":"max-video-preview:-1"},"canonical":"https:\/\/www.lm-ag.de\/en\/digital-week-osnabrueck-2025\/","og_locale":"en_GB","og_type":"article","og_title":"Digitale Woche Osnabr\u00fcck 2025 - LM IT Services AG","og_description":"Recap Digitale Woche Osnabr\u00fcck 2025: Von Microsoft Fabric \u00fcber KI-gest\u00fctzte Workflows bis zu Einblicken in den Digitalisierungsstand.","og_url":"https:\/\/www.lm-ag.de\/en\/digital-week-osnabrueck-2025\/","og_site_name":"LM IT Services AG","article_publisher":"https:\/\/www.facebook.com\/LMITServicesAG","article_published_time":"2025-09-30T07:49:10+00:00","article_modified_time":"2025-09-30T11:25:37+00:00","og_image":[{"width":1920,"height":570,"url":"https:\/\/www.lm-ag.de\/wp-content\/uploads\/2025\/09\/lm-blog-digitalewoche2025-hero.webp","type":"image\/webp"}],"author":"jmandel","twitter_card":"summary_large_image","twitter_misc":{"Written by":"jmandel","Estimated reading time":"1 minute"},"schema":{"@context":"https:\/\/schema.org","@graph":[{"@type":"Article","@id":"https:\/\/www.lm-ag.de\/digitale-woche-osnabrueck-2025\/#article","isPartOf":{"@id":"https:\/\/www.lm-ag.de\/digitale-woche-osnabrueck-2025\/"},"author":{"name":"jmandel","@id":"https:\/\/www.lm-ag.de\/#\/schema\/person\/ff28b446631f0f08d8110d9a7948b746"},"headline":"Digitale Woche Osnabr\u00fcck 2025","datePublished":"2025-09-30T07:49:10+00:00","dateModified":"2025-09-30T11:25:37+00:00","mainEntityOfPage":{"@id":"https:\/\/www.lm-ag.de\/digitale-woche-osnabrueck-2025\/"},"wordCount":4,"publisher":{"@id":"https:\/\/www.lm-ag.de\/#organization"},"image":{"@id":"https:\/\/www.lm-ag.de\/digitale-woche-osnabrueck-2025\/#primaryimage"},"thumbnailUrl":"https:\/\/www.lm-ag.de\/wp-content\/uploads\/2025\/09\/lm-blog-digitalewoche2025-hero.webp","articleSection":["\u00dcber LM"],"inLanguage":"en-GB"},{"@type":"WebPage","@id":"https:\/\/www.lm-ag.de\/digitale-woche-osnabrueck-2025\/","url":"https:\/\/www.lm-ag.de\/digitale-woche-osnabrueck-2025\/","name":"Digital Week Osnabr\u00fcck 2025 - LM IT Services AG","isPartOf":{"@id":"https:\/\/www.lm-ag.de\/#website"},"primaryImageOfPage":{"@id":"https:\/\/www.lm-ag.de\/digitale-woche-osnabrueck-2025\/#primaryimage"},"image":{"@id":"https:\/\/www.lm-ag.de\/digitale-woche-osnabrueck-2025\/#primaryimage"},"thumbnailUrl":"https:\/\/www.lm-ag.de\/wp-content\/uploads\/2025\/09\/lm-blog-digitalewoche2025-hero.webp","datePublished":"2025-09-30T07:49:10+00:00","dateModified":"2025-09-30T11:25:37+00:00","description":"Recap Digital Week Osnabr\u00fcck 2025: From Microsoft Fabric and AI-supported workflows to insights into the state of digitalisation.","breadcrumb":{"@id":"https:\/\/www.lm-ag.de\/digitale-woche-osnabrueck-2025\/#breadcrumb"},"inLanguage":"en-GB","potentialAction":[{"@type":"ReadAction","target":["https:\/\/www.lm-ag.de\/digitale-woche-osnabrueck-2025\/"]}]},{"@type":"ImageObject","inLanguage":"en-GB","@id":"https:\/\/www.lm-ag.de\/digitale-woche-osnabrueck-2025\/#primaryimage","url":"https:\/\/www.lm-ag.de\/wp-content\/uploads\/2025\/09\/lm-blog-digitalewoche2025-hero.webp","contentUrl":"https:\/\/www.lm-ag.de\/wp-content\/uploads\/2025\/09\/lm-blog-digitalewoche2025-hero.webp","width":1920,"height":570,"caption":"digitale woche 2025"},{"@type":"BreadcrumbList","@id":"https:\/\/www.lm-ag.de\/digitale-woche-osnabrueck-2025\/#breadcrumb","itemListElement":[{"@type":"ListItem","position":1,"name":"Home","item":"https:\/\/www.lm-ag.de\/"},{"@type":"ListItem","position":2,"name":"Digitale Woche Osnabr\u00fcck 2025"}]},{"@type":"WebSite","@id":"https:\/\/www.lm-ag.de\/#website","url":"https:\/\/www.lm-ag.de\/","name":"LM IT Services AG","description":"The IT service provider from Osnabr\u00fcck","publisher":{"@id":"https:\/\/www.lm-ag.de\/#organization"},"potentialAction":[{"@type":"SearchAction","target":{"@type":"EntryPoint","urlTemplate":"https:\/\/www.lm-ag.de\/?s={search_term_string}"},"query-input":{"@type":"PropertyValueSpecification","valueRequired":true,"valueName":"search_term_string"}}],"inLanguage":"en-GB"},{"@type":"Organization","@id":"https:\/\/www.lm-ag.de\/#organization","name":"LM IT Services AG","url":"https:\/\/www.lm-ag.de\/","logo":{"@type":"ImageObject","inLanguage":"en-GB","@id":"https:\/\/www.lm-ag.de\/#\/schema\/logo\/image\/","url":"https:\/\/www.lm-ag.de\/wp-content\/uploads\/2025\/04\/LM_Historie-2022.svg","contentUrl":"https:\/\/www.lm-ag.de\/wp-content\/uploads\/2025\/04\/LM_Historie-2022.svg","width":1,"height":1,"caption":"LM IT Services AG"},"image":{"@id":"https:\/\/www.lm-ag.de\/#\/schema\/logo\/image\/"},"sameAs":["https:\/\/www.facebook.com\/LMITServicesAG","https:\/\/www.linkedin.com\/company\/lm-it-services-ag\/","https:\/\/www.instagram.com\/lmitservicesag\/","https:\/\/www.youtube.com\/channel\/UC8C4s1Arjmt9NgOBgzpH39Q"]},{"@type":"Person","@id":"https:\/\/www.lm-ag.de\/#\/schema\/person\/ff28b446631f0f08d8110d9a7948b746","name":"jmandel"}]}},"_links":{"self":[{"href":"https:\/\/www.lm-ag.de\/en\/wp-json\/wp\/v2\/posts\/244358","targetHints":{"allow":["GET"]}}],"collection":[{"href":"https:\/\/www.lm-ag.de\/en\/wp-json\/wp\/v2\/posts"}],"about":[{"href":"https:\/\/www.lm-ag.de\/en\/wp-json\/wp\/v2\/types\/post"}],"author":[{"embeddable":true,"href":"https:\/\/www.lm-ag.de\/en\/wp-json\/wp\/v2\/users\/3"}],"replies":[{"embeddable":true,"href":"https:\/\/www.lm-ag.de\/en\/wp-json\/wp\/v2\/comments?post=244358"}],"version-history":[{"count":11,"href":"https:\/\/www.lm-ag.de\/en\/wp-json\/wp\/v2\/posts\/244358\/revisions"}],"predecessor-version":[{"id":244387,"href":"https:\/\/www.lm-ag.de\/en\/wp-json\/wp\/v2\/posts\/244358\/revisions\/244387"}],"wp:featuredmedia":[{"embeddable":true,"href":"https:\/\/www.lm-ag.de\/en\/wp-json\/wp\/v2\/media\/244364"}],"wp:attachment":[{"href":"https:\/\/www.lm-ag.de\/en\/wp-json\/wp\/v2\/media?parent=244358"}],"wp:term":[{"taxonomy":"category","embeddable":true,"href":"https:\/\/www.lm-ag.de\/en\/wp-json\/wp\/v2\/categories?post=244358"},{"taxonomy":"post_tag","embeddable":true,"href":"https:\/\/www.lm-ag.de\/en\/wp-json\/wp\/v2\/tags?post=244358"}],"curies":[{"name":"wp","href":"https:\/\/api.w.org\/{rel}","templated":true}]}}