{"id":238691,"date":"2024-04-03T08:57:19","date_gmt":"2024-04-03T08:57:19","guid":{"rendered":"https:\/\/consulting.lm-ag.de\/?p=238691"},"modified":"2026-04-28T10:59:47","modified_gmt":"2026-04-28T08:59:47","slug":"data-protection-challenges-due-to-new-eu-regulations","status":"publish","type":"post","link":"https:\/\/www.lm-ag.de\/en\/datenschutz-herausforderungen-durch-neue-eu-regularien\/","title":{"rendered":"Data protection challenges due to new EU regulations"},"content":{"rendered":"<div class=\"et_pb_section_0 et_pb_section et_section_regular et_block_section\">\n<div class=\"et_pb_row_0 et_pb_row et_pb_equal_columns et_block_row\">\n<div class=\"et_pb_column_0 et_pb_column et_pb_column_3_5 et_block_column et_pb_css_mix_blend_mode_passthrough\">\n<div class=\"et_pb_text_0 et_pb_text et_pb_bg_layout_light et_pb_module et_block_module preset--module--divi-text--default\"><div class=\"et_pb_text_inner\"><h1 style=\"font-size: 50px;\">EU-Dreieck: Datenschutz, Daten\u00f6konomie und IT-Sicherheit<\/h1>\n<\/div><\/div>\n\n<div class=\"et_pb_text_1 et_pb_text et_pb_bg_layout_light et_pb_module et_block_module preset--module--divi-text--default\"><div class=\"et_pb_text_inner\"><p>Die Umsetzung der Datenschutz-Grundverordnung (DSGVO) stellt f\u00fcr viele Unternehmen weiterhin eine gro\u00dfe Herausforderung dar. Zus\u00e4tzlich stehen sie nun vor neuen EU-Regularien in den Bereichen digitale \u00d6konomie oder Cybersicherheit.<\/p>\n<p>Wie stellen wir sicher, dass wir den \u00dcberblick \u00fcber alle bestehenden Regelungen nicht verlieren und welche Rolle spielt dabei der Datenschutz?<\/p>\n<p>Laut einer aktuellen Umfrage der <a href=\"https:\/\/www.dihk.de\/de\/\" target=\"_blank\" rel=\"noopener\">Deutschen Industrie- und Handelskammer (DIHK)<\/a>, die unter 4.900 Unternehmen durchgef\u00fchrt worden ist, verbinden etwa 80% der befragten Betriebe nach wie vor einen \u201ehohen bis extremen\u201c Aufwand mit der Umsetzung der DSGVO. Besonders problematisch gestaltet sich dabei das Spannungsfeld zwischen der DSGVO und verschiedenen EU-Regularien zur Daten\u00f6konomie, wie beispielsweise dem Data Act.<\/p>\n<\/div><\/div>\n<\/div>\n\n<div class=\"et_pb_column_1 et_pb_column et_pb_column_2_5 et-last-child et_block_column et_pb_css_mix_blend_mode_passthrough\">\n<div class=\"et_pb_text_2 et_pb_text et_pb_bg_layout_light et_pb_module et_block_module preset--module--divi-text--default\"><div class=\"et_pb_text_inner\"><h4>\u00dcber die Autorin<\/h4>\n<\/div><\/div>\n\n<div class=\"et_pb_image_0 et_pb_image et_pb_module et_block_module preset--module--divi-image--default\"><span class=\"et_pb_image_wrap\"><img loading=\"lazy\" decoding=\"async\" src=\"https:\/\/www.lm-ag.de\/wp-content\/uploads\/2025\/03\/LM_IT-Security_MarijaStambolieva.jpg\" width=\"260\" height=\"260\" srcset=\"https:\/\/www.lm-ag.de\/wp-content\/uploads\/2025\/03\/LM_IT-Security_MarijaStambolieva.jpg 260w, https:\/\/www.lm-ag.de\/wp-content\/uploads\/2025\/03\/LM_IT-Security_MarijaStambolieva-150x150.jpg 150w\" sizes=\"(max-width: 260px) 100vw, 260px\" class=\"wp-image-239222\" title=\"LM_IT-Security_MarijaStambolieva\" alt=\"Dr. Marija Stambolieva\" \/><\/span><\/div>\n\n<div class=\"et_pb_text_3 et_pb_text et_pb_bg_layout_light et_pb_module et_block_module preset--module--divi-text--default\"><div class=\"et_pb_text_inner\"><h4>Dr. Marija Stambolieva<\/h4>\n<p>Senior Consultant Compliance Management, Informationssicherheits-, Datenschutz- &amp; KI-Beauftragte<\/p>\n<p><a style=\"border-bottom: 0px !important;\" href=\"tel:+49541406642015\"><img loading=\"lazy\" decoding=\"async\" src=\"\/wp-content\/uploads\/2025\/02\/LM_Signatur_Icon_Phone.svg\" alt=\"\" width=\"40\" height=\"40\" \/><\/a>\u2003<a style=\"border-bottom: 0px !important;\" href=\"mailto:Marija.Stambolieva@lm-ag.de\"><img loading=\"lazy\" decoding=\"async\" src=\"\/wp-content\/uploads\/2025\/02\/LM_Signatur_Icon_Mail.svg\" alt=\"\" width=\"40\" height=\"40\" \/><\/a><\/p>\n<\/div><\/div>\n<\/div>\n<\/div>\n\n<div class=\"et_pb_row_1 et_pb_row et_block_row\">\n<div class=\"et_pb_column_2 et_pb_column et_pb_column_4_4 et-last-child et_block_column et_pb_css_mix_blend_mode_passthrough\">\n<div class=\"et_pb_text_4 et_pb_text et_pb_bg_layout_light et_pb_module et_block_module preset--module--divi-text--default\"><div class=\"et_pb_text_inner\"><h4>\u00dcber die Autorin<\/h4>\n<\/div><\/div>\n\n<div class=\"et_pb_image_1 et_pb_image et_pb_module et_block_module preset--module--divi-image--default\"><span class=\"et_pb_image_wrap\"><img loading=\"lazy\" decoding=\"async\" src=\"https:\/\/www.lm-ag.de\/wp-content\/uploads\/2025\/03\/LM_IT-Security_MarijaStambolieva.jpg\" width=\"260\" height=\"260\" srcset=\"https:\/\/www.lm-ag.de\/wp-content\/uploads\/2025\/03\/LM_IT-Security_MarijaStambolieva.jpg 260w, https:\/\/www.lm-ag.de\/wp-content\/uploads\/2025\/03\/LM_IT-Security_MarijaStambolieva-150x150.jpg 150w\" sizes=\"(max-width: 260px) 100vw, 260px\" class=\"wp-image-239222\" title=\"LM_IT-Security_MarijaStambolieva\" alt=\"Marija Stambolieva\" \/><\/span><\/div>\n\n<div class=\"et_pb_text_5 et_pb_text et_pb_bg_layout_light et_pb_module et_block_module preset--module--divi-text--default\"><div class=\"et_pb_text_inner\"><h4>Dr. Marija Stambolieva<\/h4>\n<p>Senior Consultant Compliance Management, Informationssicherheits-, Datenschutz- &amp; KI-Beauftragte<\/p>\n<p><a style=\"border-bottom: 0px !important;\" href=\"tel:+49541406642015\"><img loading=\"lazy\" decoding=\"async\" src=\"\/wp-content\/uploads\/2025\/02\/LM_Signatur_Icon_Phone.svg\" alt=\"\" width=\"40\" height=\"40\" \/><\/a>\u2003<a style=\"border-bottom: 0px !important;\" href=\"mailto:Marija.Stambolieva@lm-ag.de\"><img loading=\"lazy\" decoding=\"async\" src=\"\/wp-content\/uploads\/2025\/02\/LM_Signatur_Icon_Mail.svg\" alt=\"\" width=\"40\" height=\"40\" \/><\/a><\/p>\n<\/div><\/div>\n\n<div class=\"et_pb_divider_0 et_pb_divider et_pb_space et_pb_divider_position_top et_pb_module\"><div class=\"et_pb_divider_internal\"><\/div><\/div>\n\n<div class=\"et_pb_text_6 et_pb_text et_pb_bg_layout_light et_pb_module et_block_module preset--module--divi-text--default\"><div class=\"et_pb_text_inner\"><h1 style=\"font-size: 36px;\">EU-Dreieck: Datenschutz, Daten\u00f6konomie und IT-Sicherheit<\/h1>\n<\/div><\/div>\n\n<div class=\"et_pb_text_7 et_pb_text et_pb_bg_layout_light et_pb_module et_block_module preset--module--divi-text--default\"><div class=\"et_pb_text_inner\"><p>Die Umsetzung der Datenschutz-Grundverordnung (DSGVO) stellt f\u00fcr viele Unternehmen weiterhin eine gro\u00dfe Herausforderung dar. Zus\u00e4tzlich stehen sie nun vor neuen EU-Regularien in den Bereichen digitale \u00d6konomie oder Cybersicherheit.<\/p>\n<p>Wie stellen wir sicher, dass wir den \u00dcberblick \u00fcber alle bestehenden Regelungen nicht verlieren und welche Rolle spielt dabei der Datenschutz?<\/p>\n<p>Laut einer aktuellen Umfrage der <a href=\"https:\/\/www.dihk.de\/de\/\" target=\"_blank\" rel=\"noopener\">Deutschen Industrie- und Handelskammer (DIHK)<\/a>, die unter 4.900 Unternehmen durchgef\u00fchrt worden ist, verbinden etwa 80% der befragten Betriebe nach wie vor einen \u201ehohen bis extremen\u201c Aufwand mit der Umsetzung der DSGVO. Besonders problematisch gestaltet sich dabei das Spannungsfeld zwischen der DSGVO und verschiedenen EU-Regularien zur Daten\u00f6konomie, wie beispielsweise dem Data Act.<\/p>\n<\/div><\/div>\n<\/div>\n<\/div>\n\n<div class=\"et_pb_row_2 et_pb_row et_pb_equal_columns et_block_row\">\n<div class=\"et_pb_column_3 et_pb_column et_pb_column_1_2 et_block_column et_pb_css_mix_blend_mode_passthrough\">\n<div class=\"et_pb_text_8 et_pb_text et_pb_bg_layout_light et_pb_module et_block_module preset--module--divi-text--default\"><div class=\"et_pb_text_inner\"><h2 style=\"font-size: 36px;\">Spannungsfeld zwischen Data Act und DSGVO<\/h2>\n<p>Der Data-Act, der im Januar 2024 in Kraft getreten ist und ab dem 12. September 2025 EU-weit gelten wird, schafft einen neuen Rechtsrahmen f\u00fcr den Austausch und die Nutzung von Daten, die mit vernetzten Produkten oder Diensten zusammenh\u00e4ngen. Dies bezieht sich sowohl auf personenbezogenen als auch auf nicht-personenbezogene Daten. Im Fall von personenbezogenen Daten erg\u00e4nzt der Data Act das Recht der Daten\u00fcbertragbarkeit gem\u00e4\u00df Art.20 DSGVO.<\/p>\n<p>Eine besondere Herausforderung stellt die Weitergabe personenbezogener Daten durch den Dateninhaber von einem Nutzer (1) an einen anderen Nutzer (2) oder an einen dritten Datenempf\u00e4nger dar.<\/p>\n<\/div><\/div>\n<\/div>\n\n<div class=\"et_pb_column_4 et_pb_column et_pb_column_1_2 et-last-child et_block_column et_pb_css_mix_blend_mode_passthrough\">\n<div class=\"et_pb_image_2 et_pb_image et_pb_module et_block_module preset--module--divi-image--default\"><span class=\"et_pb_image_wrap\"><img loading=\"lazy\" decoding=\"async\" src=\"https:\/\/www.lm-ag.de\/wp-content\/uploads\/2025\/03\/lm-blog_weitergabedaten.webp\" width=\"504\" height=\"647\" srcset=\"https:\/\/www.lm-ag.de\/wp-content\/uploads\/2025\/03\/lm-blog_weitergabedaten.webp 504w, https:\/\/www.lm-ag.de\/wp-content\/uploads\/2025\/03\/lm-blog_weitergabedaten-480x616.webp 480w\" sizes=\"(min-width: 0px) and (max-width: 480px) 480px, (min-width: 481px) 504px, 100vw\" class=\"wp-image-239433\" title=\"lm-blog_weitergabedaten\" alt=\"Weitergabe von Daten DSGVO\" \/><\/span><\/div>\n<\/div>\n<\/div>\n\n<div class=\"et_pb_row_3 et_pb_row et_block_row\">\n<div class=\"et_pb_column_5 et_pb_column et_pb_column_4_4 et-last-child et_block_column et_pb_css_mix_blend_mode_passthrough\">\n<div class=\"et_pb_text_9 et_pb_text et_pb_bg_layout_light et_pb_module et_block_module preset--module--divi-text--default\"><div class=\"et_pb_text_inner\"><p>Die Umsetzung des Datenaustausches zwischen Dateninhaber, Nutzer und Datenempf\u00e4nger, abgeleitet aus dem Data-Act, birgt das Risiko eines Versto\u00dfes gegen die DSGVO. Gleichzeitig k\u00f6nnte die Verweigerung des Datenzugangsanspruchs m\u00f6glicherweise gegen den Data-Act versto\u00dfen.<\/p>\n<p>Gem\u00e4\u00df Artikel 1 Absatz 3 des Data Acts bleibt die Anwendbarkeit der bisherigen Rechtsvorschriften der Union unber\u00fchrt. Es ist daher wichtig, die Rechtsgrundlage f\u00fcr die Datenverarbeitung gem\u00e4\u00df Artikel 6 (und ggf. Artikel 9) der DSGVO zu ermitteln und die Vertr\u00e4ge zwischen den Parteien entsprechend zu gestalten. \u00c4hnlich wie bei der DSGVO wird die Europ\u00e4ischen Kommission (Gem\u00e4\u00df Artikel 42 des Data-Acts ist die Frist daf\u00fcr der 12. September 2025)\u00a0unverbindliche Mustervertragsklauseln f\u00fcr den Datenzugang und die Datennutzung sowie nicht verbindliche Standardvertragsklauseln f\u00fcr Vertr\u00e4ge \u00fcber Cloud-Computing erstellen, um die Parteien bei der Ausarbeitung und Aushandlung von Vertr\u00e4gen mit fairen, angemessenen und nichtdiskriminierenden vertraglichen Rechten und Pflichten zu unterst\u00fctzen.<\/p>\n<\/div><\/div>\n<\/div>\n<\/div>\n\n<div class=\"et_pb_row_4 et_pb_row et_pb_equal_columns et_block_row\">\n<div class=\"et_pb_column_6 et_pb_column et_pb_column_3_5 et_block_column et_pb_css_mix_blend_mode_passthrough\">\n<div class=\"et_pb_text_10 et_pb_text et_pb_bg_layout_light et_pb_module et_block_module preset--module--divi-text--default\"><div class=\"et_pb_text_inner\"><h2 style=\"font-size: 36px;\">Datenschutz im Dienst der IT-Sicherheit<\/h2>\n<p>Trotz der Herausforderungen bei der Umsetzung der DSGVO betonen mehr als die H\u00e4lfte der Unternehmen die gestiegene Bedeutung des Datenschutzes, insbesondere vor dem Hintergrund drohender Cyberangriffe.<\/p>\n<p>Die <a href=\"https:\/\/www.lm-ag.de\/informationssicherheitsmanagement\/nis2check\/\">NIS-2 Richtlinie<\/a>, die bis zum 17. Oktober 2024 in nationales Recht umgesetzt werden muss, zielt darauf ab, die Cybersicherheit in der EU zu erh\u00f6hen. Dazu m\u00fcssen Unternehmen, die als Betreiber wesentlicher Dienste in 18 Sektoren eingestuft wurden, angemessene Sicherheitsma\u00dfnahmen ergreifen und nationale Beh\u00f6rden \u00fcber schwerwiegende Vorf\u00e4lle informieren. Folglich spielt der Datenschutz dabei auch eine besondere Rolle, da bei Informationssicherheitsvorf\u00e4llen der Schutz personenbezogener Daten gef\u00e4hrdet sein kann.<\/p>\n<\/div><\/div>\n<\/div>\n\n<div class=\"et_pb_column_7 et_pb_column et_pb_column_2_5 et-last-child et_block_column et_pb_css_mix_blend_mode_passthrough\">\n<div class=\"et_pb_image_3 et_pb_image et_pb_module et_block_module preset--module--divi-image--default\"><span class=\"et_pb_image_wrap\"><img loading=\"lazy\" decoding=\"async\" src=\"https:\/\/www.lm-ag.de\/wp-content\/uploads\/2025\/03\/lm-blog-datenschutz-1.webp\" width=\"1921\" height=\"1844\" srcset=\"https:\/\/www.lm-ag.de\/wp-content\/uploads\/2025\/03\/lm-blog-datenschutz-1.webp 1921w, https:\/\/www.lm-ag.de\/wp-content\/uploads\/2025\/03\/lm-blog-datenschutz-1-1280x1229.webp 1280w, https:\/\/www.lm-ag.de\/wp-content\/uploads\/2025\/03\/lm-blog-datenschutz-1-980x941.webp 980w, https:\/\/www.lm-ag.de\/wp-content\/uploads\/2025\/03\/lm-blog-datenschutz-1-480x461.webp 480w\" sizes=\"(min-width: 0px) and (max-width: 480px) 480px, (min-width: 481px) and (max-width: 980px) 980px, (min-width: 981px) and (max-width: 1280px) 1280px, (min-width: 1281px) 1921px, 100vw\" class=\"wp-image-239441\" title=\"lm-blog-datenschutz\" alt=\"Datenschutz Grafik\" \/><\/span><\/div>\n<\/div>\n<\/div>\n\n<div class=\"et_pb_row_5 et_pb_row et_pb_equal_columns et_block_row\">\n<div class=\"et_pb_column_8 et_pb_column et_pb_column_4_4 et-last-child et_block_column et_pb_css_mix_blend_mode_passthrough\">\n<div class=\"et_pb_text_11 et_pb_text et_pb_bg_layout_light et_pb_module et_block_module preset--module--divi-text--default\"><div class=\"et_pb_text_inner\"><p><span>Die zust\u00e4ndigen Beh\u00f6rden f\u00fcr Netzwerk- und Informationssysteme, zentrale Anlaufstellen und CSIRTs (Computer Security Incident Response Teams) d\u00fcrfen f\u00fcr die erforderlichen Zwecke der NIS-2 Richtlinie personenbezogenen Daten aufgrund einer aus der DSGVO geeigneten Rechtsgrundlage verarbeiten. Die Anforderung dabei \u201egeeignete und besondere Ma\u00dfnahmen zum Schutz der Grundrechte und Interessen nat\u00fcrlicher Personen [vorzusehen], einschlie\u00dflich technischer Beschr\u00e4nkungen f\u00fcr die Weiterverwendung solcher Daten und die Anwendung modernster Sicherheits- und Datenschutzvorkehrungen wie Pseudonymisierung oder Verschl\u00fcsselung [\u2026]\u201c (Erw\u00e4gungsgrund 121 aus der NIS-2 Richtlinie) sind mit den Anforderungen der DSGVO vereinbar.<\/span><\/p>\n<\/div><\/div>\n<\/div>\n<\/div>\n\n<div class=\"et_pb_row_6 et_pb_row et_pb_equal_columns et_block_row\">\n<div class=\"et_pb_column_9 et_pb_column et_pb_column_2_5 et_block_column et_pb_css_mix_blend_mode_passthrough\">\n<div class=\"et_pb_image_4 et_pb_image et_pb_module et_block_module preset--module--divi-image--default\"><span class=\"et_pb_image_wrap\"><img loading=\"lazy\" decoding=\"async\" src=\"https:\/\/www.lm-ag.de\/wp-content\/uploads\/2025\/03\/lm-blog-megafon_01.webp\" width=\"501\" height=\"486\" srcset=\"https:\/\/www.lm-ag.de\/wp-content\/uploads\/2025\/03\/lm-blog-megafon_01.webp 501w, https:\/\/www.lm-ag.de\/wp-content\/uploads\/2025\/03\/lm-blog-megafon_01-480x466.webp 480w\" sizes=\"(min-width: 0px) and (max-width: 480px) 480px, (min-width: 481px) 501px, 100vw\" class=\"wp-image-239437\" title=\"lm-blog-megafon_01\" alt=\"NIS-2\" \/><\/span><\/div>\n<\/div>\n\n<div class=\"et_pb_column_10 et_pb_column et_pb_column_3_5 et-last-child et_block_column et_pb_css_mix_blend_mode_passthrough\">\n<div class=\"et_pb_text_12 et_pb_text et_pb_bg_layout_light et_pb_module et_block_module preset--module--divi-text--default\"><div class=\"et_pb_text_inner\"><p>Ist Ihr Unternehmen auch von der NIS2-Richtlinie betroffen?<br \/>\nMachen Sie unseren kostenlosen NIS2-Schnelltest und finden Sie heraus, ob Ihr Unternehmen von der NIS2 Richtlinie betroffen ist: <\/p>\n<\/div><\/div>\n\n<div class=\"et_pb_module et_pb_button_module_wrapper et_pb_button_0_wrapper preset--module--divi-button--default_wrapper\"><a class=\"et_pb_button_0 et_pb_button et_pb_bg_layout_dark et_pb_module et_block_module preset--module--divi-button--default\" href=\"https:\/\/www.lm-ag.de\/informationssicherheitsmanagement\/nis2check\/\" target=\"_blank\" data-icon=\"\uf105\">zum kostenlosen NIS2 Check<\/a><\/div>\n<\/div>\n<\/div>\n<\/div>\n\n<div class=\"et_pb_section_1 et_pb_section et_section_specialty et_pb_equal_columns et_pb_gutters3 et_block_section\"><div class=\"et_pb_row et_block_row\">\n<div class=\"et_pb_column_11 et_pb_column et_pb_column_single et_pb_column_1_2 et_block_column et_pb_css_mix_blend_mode_passthrough\">\n<div class=\"et_pb_text_13 et_pb_text et_pb_bg_layout_light et_pb_module et_block_module preset--module--divi-text--default\"><div class=\"et_pb_text_inner\"><h2 style=\"font-size: 36px;\">Es f\u00fchrt kein Weg an der DSGVO vorbei<\/h2>\n<p>Auch wenn die Komplexit\u00e4t durch die neuen EU-Regularien steigt, eins ist klar: Es f\u00fchrt kein Weg an der DSGVO vorbei! Mehr als 70% der befragten Unternehmen aus der DIHK Umfrage geben an, dass sie sich Leitlinien und Empfehlungen, die praxisnah sowie klar und pr\u00e4zise formuliert sind, w\u00fcnschen. Mehr als die H\u00e4lfte w\u00fcnschen sich zudem konkrete Musterformulare und Checklisten. Unsere gezielte Unterst\u00fctzung zur DSGVO-Einhaltung bietet genau das. Erfahren Sie mehr unter diesem Link: <\/p>\n<\/div><\/div>\n\n<div class=\"et_pb_module et_pb_button_module_wrapper et_pb_button_1_wrapper preset--module--divi-button--default_wrapper\"><a class=\"et_pb_button_1 et_pb_button et_pb_bg_layout_dark et_pb_module et_block_module preset--module--divi-button--default\" href=\"https:\/\/www.lm-ag.de\/informationssicherheitsmanagement\/\" target=\"_blank\" data-icon=\"\uf105\">Datenschutz Services<\/a><\/div>\n<\/div>\n\n<div class=\"et_pb_column_12 et_pb_column et_pb_specialty_column et_pb_column_1_2 et-last-child et_block_column et_pb_css_mix_blend_mode_passthrough\">\n<div class=\"et_pb_row_inner_0 et_pb_row_inner et_block_row\">\n<div class=\"et_pb_column_inner_0 et_pb_column_inner et_pb_column et_pb_column_4_4 et-last-child et_block_column et_pb_css_mix_blend_mode_passthrough\">\n<div class=\"et_pb_text_14 et_pb_text et_pb_bg_layout_light et_pb_module et_block_module preset--module--divi-text--default\"><div class=\"et_pb_text_inner\"><p>In diesem Zusammenhang sind folgende Punkte aus der DSGVO zu beachten:<\/p>\n<\/div><\/div>\n<\/div>\n<\/div>\n\n<div class=\"et_pb_row_inner_1 et_pb_row_inner et_pb_equal_columns et_block_row\">\n<div class=\"et_pb_column_inner_1 et_pb_column_inner et_pb_column et_pb_column_1_4 et_block_column et_pb_css_mix_blend_mode_passthrough\">\n<div class=\"et_pb_text_15 et_pb_text et_pb_bg_layout_light et_animated et_pb_module et_block_module preset--module--divi-text--default\"><div class=\"et_pb_text_inner\"><p><img loading=\"lazy\" decoding=\"async\" class=\"wp-image-238736 alignnone size-medium\" src=\"https:\/\/www.lm-ag.de\/wp-content\/uploads\/2025\/03\/LM_Haken.svg\" alt=\"DSGVO Check Icon\" width=\"25\" height=\"25\" \/><\/p>\n<h6 style=\"font-size: 14px;\">Rechtsgrundlage f\u00fcr die Datenverarbeitung ermitteln<\/h6>\n<p>(Art. 6, DSGVO)<\/p>\n<\/div><\/div>\n<\/div>\n\n<div class=\"et_pb_column_inner_2 et_pb_column_inner et_pb_column et_pb_column_1_4 et-last-child et_block_column et_pb_css_mix_blend_mode_passthrough\">\n<div class=\"et_pb_text_16 et_pb_text et_pb_bg_layout_light et_animated et_pb_module et_block_module preset--module--divi-text--default\"><div class=\"et_pb_text_inner\"><p><img loading=\"lazy\" decoding=\"async\" class=\"wp-image-238736 alignnone size-medium\" src=\"https:\/\/www.lm-ag.de\/wp-content\/uploads\/2025\/03\/LM_Haken.svg\" alt=\"DSGVO Check Icon\" width=\"25\" height=\"25\" \/><\/p>\n<h6 style=\"font-size: 14px;\">Recht auf Daten\u00fcbertragbarkeit erm\u00f6glichen<\/h6>\n<p>(Art. 20, DSGVO)<\/p>\n<\/div><\/div>\n<\/div>\n<\/div>\n\n<div class=\"et_pb_row_inner_2 et_pb_row_inner et_pb_equal_columns et_block_row\">\n<div class=\"et_pb_column_inner_3 et_pb_column_inner et_pb_column et_pb_column_1_4 et_block_column et_pb_css_mix_blend_mode_passthrough\">\n<div class=\"et_pb_text_17 et_pb_text et_pb_bg_layout_light et_animated et_pb_module et_block_module preset--module--divi-text--default\"><div class=\"et_pb_text_inner\"><p><img loading=\"lazy\" decoding=\"async\" src=\"https:\/\/www.lm-ag.de\/wp-content\/uploads\/2025\/03\/LM_Haken.svg\" width=\"25\" height=\"25\" alt=\"DSGVO Check Icon\" class=\"wp-image-238736 alignnone size-medium\" \/><\/p>\n<h6 style=\"font-size: 14px;\">Entsprechende technisch-organisatorische Ma\u00dfnahmen (TOMs) umsetzen<\/h6>\n<p>(Art. 32, DSGVO)<\/p>\n<\/div><\/div>\n<\/div>\n\n<div class=\"et_pb_column_inner_4 et_pb_column_inner et_pb_column et_pb_column_1_4 et-last-child et_block_column et_pb_css_mix_blend_mode_passthrough\">\n<div class=\"et_pb_text_18 et_pb_text et_pb_bg_layout_light et_animated et_pb_module et_block_module preset--module--divi-text--default\"><div class=\"et_pb_text_inner\"><p><img loading=\"lazy\" decoding=\"async\" class=\"wp-image-238736 alignnone size-medium\" src=\"https:\/\/www.lm-ag.de\/wp-content\/uploads\/2025\/03\/LM_Haken.svg\" alt=\"DSGVO Check Icon\" width=\"25\" height=\"25\" \/><\/p>\n<h6 style=\"font-size: 14px;\">Entsprechende Vertr\u00e4ge abschlie\u00dfen<\/h6>\n<p>(z.B. zwecks Auftragsverarbeitung oder Datenweitergabe an Dritte)<\/p>\n<\/div><\/div>\n<\/div>\n<\/div>\n<\/div>\n<\/div><\/div>\n\n<div class=\"et_pb_section_2 et_pb_section et_section_regular et_block_section\" id=\"kontakt\">\n<div class=\"et_pb_row_7 et_pb_row et_pb_equal_columns et_pb_gutters4 et_block_row\">\n<div class=\"et_pb_column_13 et_pb_column et_pb_column_1_2 et_block_column et_pb_css_mix_blend_mode_passthrough\">\n<div class=\"et_pb_text_19 et_pb_text et_pb_bg_layout_light et_pb_module et_block_module preset--module--divi-text--default\"><div class=\"et_pb_text_inner\"><h3>Haben Sie Fragen?<\/h3>\n<p>Wenn Sie Fragen dazu haben oder sich Unterst\u00fctzung bei den datenschutzrechtlichen Anforderungen w\u00fcnschen, wenden Sie sich gerne an uns.<\/p>\n<\/div><\/div>\n\n<div class=\"et_pb_module et_pb_button_module_wrapper et_pb_button_2_wrapper preset--module--divi-button--default_wrapper\"><a class=\"et_pb_button_2 et_pb_button et_pb_bg_layout_dark et_pb_module et_block_module preset--module--divi-button--default\" href=\"https:\/\/outlook.office365.com\/owa\/calendar\/DataStrategyConsultant@lm-ag.de\/bookings\/\" target=\"_blank\" data-icon=\"\uf105\">Direkt Termin vereinbaren<\/a><\/div>\n<\/div>\n\n<div class=\"et_pb_column_14 et_pb_column et_pb_column_1_2 et-last-child et_block_column et_pb_css_mix_blend_mode_passthrough\">\n<div class=\"et_pb_code_0 et_pb_code et_pb_module\"><div class=\"et_pb_code_inner\"><!-- Begin Brevo Form -->\n<!-- START - We recommend to place the below code in head tag of your website html  -->\n<style>\n  @font-face {\n    font-display: block;\n    font-family: 'Segoe Pro Black',Helvetica,Arial,Lucida,sans-serif;\n  }\n\n  @font-face {\n    font-display: fallback;\n    font-family: 'Segoe Pro Black',Helvetica,Arial,Lucida,sans-serif;\n    font-weight: 600;\n  }\n\n  @font-face {\n    font-display: fallback;\n    font-family: 'Segoe Pro Black',Helvetica,Arial,Lucida,sans-serif;\n    font-weight: 700;\n  }\n\n  #sib-container input:-ms-input-placeholder {\n    text-align: left;\n    font-family: \"Helvetica\", sans-serif;\n    color: #c0ccda;\n  }\n\n  #sib-container input::placeholder {\n    text-align: left;\n    font-family: \"Helvetica\", sans-serif;\n    color: #c0ccda;\n  }\n\n  #sib-container textarea::placeholder {\n    text-align: left;\n    font-family: \"Helvetica\", sans-serif;\n    color: #c0ccda;\n  }\n<\/style>\n<link rel=\"stylesheet\" href=\"https:\/\/sibforms.com\/forms\/end-form\/build\/sib-styles.css\">\n<!--  END - We recommend to place the above code in head tag of your website html -->\n\n<!-- START - We recommend to place the below code where you want the form in your website html  -->\n<div class=\"sib-form\" style=\"text-align: center; background-color: #ffffff; padding-top:0px; padding-bottom:0px;\">\n  <div id=\"sib-form-container\" class=\"sib-form-container\">\n    <div id=\"error-message\" class=\"sib-form-message-panel\" style=\"font-size:16px; text-align:left; font-family:\"Helvetica\", sans-serif; color:#661d1d; background-color:#ffffff; border-radius:3px; border-color:#ffffff;max-width:540px;\">\n      <div class=\"sib-form-message-panel__text sib-form-message-panel__text--center\">\n        <svg viewBox=\"0 0 512 512\" class=\"sib-icon sib-notification__icon\">\n          <path d=\"M256 40c118.621 0 216 96.075 216 216 0 119.291-96.61 216-216 216-119.244 0-216-96.562-216-216 0-119.203 96.602-216 216-216m0-32C119.043 8 8 119.083 8 256c0 136.997 111.043 248 248 248s248-111.003 248-248C504 119.083 392.957 8 256 8zm-11.49 120h22.979c6.823 0 12.274 5.682 11.99 12.5l-7 168c-.268 6.428-5.556 11.5-11.99 11.5h-8.979c-6.433 0-11.722-5.073-11.99-11.5l-7-168c-.283-6.818 5.167-12.5 11.99-12.5zM256 340c-15.464 0-28 12.536-28 28s12.536 28 28 28 28-12.536 28-28-12.536-28-28-28z\" \/>\n        <\/svg>\n        <span class=\"sib-form-message-panel__inner-text\">\n                          Ihre Anmeldung konnte nicht gespeichert werden. Bitte versuchen Sie es erneut.\n                      <\/span>\n      <\/div>\n    <\/div>\n    <div><\/div>\n    <div id=\"success-message\" class=\"sib-form-message-panel\" style=\"font-size:16px; text-align:left; font-family:\"Helvetica\", sans-serif; color:#085229; background-color:#e7faf0; border-radius:3px; border-color:#ffffff;max-width:540px;\">\n      <div class=\"sib-form-message-panel__text sib-form-message-panel__text--center\">\n        <svg viewBox=\"0 0 512 512\" class=\"sib-icon sib-notification__icon\">\n          <path d=\"M256 8C119.033 8 8 119.033 8 256s111.033 248 248 248 248-111.033 248-248S392.967 8 256 8zm0 464c-118.664 0-216-96.055-216-216 0-118.663 96.055-216 216-216 118.664 0 216 96.055 216 216 0 118.663-96.055 216-216 216zm141.63-274.961L217.15 376.071c-4.705 4.667-12.303 4.637-16.97-.068l-85.878-86.572c-4.667-4.705-4.637-12.303.068-16.97l8.52-8.451c4.705-4.667 12.303-4.637 16.97.068l68.976 69.533 163.441-162.13c4.705-4.667 12.303-4.637 16.97.068l8.451 8.52c4.668 4.705 4.637 12.303-.068 16.97z\" \/>\n        <\/svg>\n        <span class=\"sib-form-message-panel__inner-text\">\n                          Ihre Anmeldung war erfolgreich.\n                      <\/span>\n      <\/div>\n    <\/div>\n    <div><\/div>\n    <div id=\"sib-container\" class=\"sib-container--large sib-container--vertical\" style=\"text-align:center; background-color:rgba(255,255,255,1); max-width:540px; border-radius:3px; border-width:1px; border-color:#ffffff; border-style:solid; direction:ltr\">\n      <form id=\"sib-form\" method=\"POST\" action=\"https:\/\/7546b615.sibforms.com\/serve\/MUIEAICDaXsOymjnxc3lSqxDsM-CwsqyHfgGekSHLWV6rM45cIOZvnBwTWN_P3H5d2zvPkiw96-JjzT0MuL7zijRhS-bCHRn3CA4ahJ0QuZ4bAFRw5s0fCVJg1OmOe5oZ6w7EKmi87VjR36nmFMVx4PfZbZpZXBCBOY4WXQRIHhh7tiQ5zHrhzCF6t3RtT1AaN6OAwWQWIF5uC_a\" data-type=\"subscription\">\n        <div style=\"padding: 8px 16px;\">\n          <div class=\"sib-form-block sib-image-form-block\" style=\"text-align: left\">\n            <img decoding=\"async\" src=\"https:\/\/img.mailinblue.com\/3425243\/images\/content_library\/original\/666add663f9e0bf90fd726ce.png\" style=\"width: 150px;height: 66px;\" alt=\"\" title=\"\" \/>\n          <\/div>\n        <\/div>\n        <div style=\"padding-top:10px; padding-bottom:0px;\">\n          <div class=\"sib-form-block\" style=\"font-size:32px; text-align:left; font-weight:700; font-family:'Segoe Pro Black',Helvetica,Arial,Lucida,sans-serif; color:#141414; background-color:transparent; text-align:left\">\n            <p>Microsoft 365 News<\/p>\n          <\/div>\n        <\/div>\n        <div style=\"padding-top:5px; padding-bottom:25px;\">\n          <div class=\"sib-form-block\" style=\"font-size:16px; text-align:left; font-family:'Segoe Pro',Helvetica,Arial,Lucida,sans-serif; color:#141414; background-color:transparent; text-align:left\">\n            <div class=\"sib-text-form-block\">\n              <p>In unserem Newsletter informieren wir \u00fcber aktuelle Microsoft 365 News, Trends & interessante M\u00f6glichkeiten und bereiten wichtige Informationen von Microsoft leicht verst\u00e4ndlich auf.<\/p>\n            <\/div>\n          <\/div>\n        <\/div>\n        <div style=\"padding: 8px 0;\">\n          <div class=\"sib-input sib-form-block\">\n            <div class=\"form__entry entry_block\">\n              <div class=\"form__label-row \">\n                <label class=\"entry__label\" style=\"font-weight: 700; text-align:left; font-size:16px; text-align:left; font-weight:700; line-height:1.2em; font-family:'Segoe Pro Black',Helvetica,Arial,Lucida,sans-serif; color:#3c4858;\" for=\"EMAIL\" data-required=\"*\">Geben Sie Ihre E-Mail-Adresse ein, um sich anzumelden<\/label>\n\n                <div class=\"entry__field\">\n                  <input class=\"input \" type=\"text\" id=\"EMAIL\" name=\"EMAIL\" autocomplete=\"off\" placeholder=\"EMAIL\" data-required=\"true\" required \/>\n                <\/div>\n              <\/div>\n\n              <label class=\"entry__error entry__error--primary\" style=\"font-size:16px; text-align:left; font-family:\"Helvetica\", sans-serif; color:#661d1d; background-color:#ffeded; border-radius:3px; border-color:#ff4949;\">\n              <\/label>\n            <\/div>\n          <\/div>\n        <\/div>\n        <div style=\"padding-top:0px; padding-bottom:5px;\">\n          <div class=\"sib-optin sib-form-block\">\n            <div class=\"form__entry entry_mcq\">\n              <div class=\"form__label-row \">\n                <div class=\"entry__choice\" style=\"\">\n                  <label>\n                    <input type=\"checkbox\" class=\"input_replaced\" value=\"1\" id=\"OPT_IN\" name=\"OPT_IN\" \/>\n                    <span class=\"checkbox checkbox_tick_positive\"\n            style=\"margin-left:\"\n            ><\/span><span style=\"font-size:14px; text-align:left; line-height:1.2em !important; font-family:'Segoe Pro',Helvetica,Arial,Lucida,sans-serif; color:#3C4858; background-color:transparent;\"><p style=\" line-height:1.2em !important;\">Ich m\u00f6chte Ihren Newsletter erhalten und akzeptiere die Datenschutzerkl\u00e4rung.<\/p><\/span> <\/label>\n                <\/div>\n              <\/div>\n              <label class=\"entry__error entry__error--primary\" style=\"font-size:16px; text-align:left; font-family:\"Helvetica\", sans-serif; color:#661d1d; background-color:#ffeded; border-radius:3px; border-color:#ff4949;\">\n              <\/label>\n            <\/div>\n          <\/div>\n        <\/div>\n        <div style=\"padding: 8px 0;\">\n          <div class=\"sib-form__declaration\" style=\"direction:ltr\">\n            <div class=\"declaration-block-icon\">\n              <svg class=\"icon__SVG\" width=\"0\" height=\"0\" version=\"1.1\" xmlns=\"http:\/\/www.w3.org\/2000\/svg\">\n                <defs>\n                  <symbol id=\"svgIcon-sphere\" viewBox=\"0 0 63 63\">\n                    <path class=\"path1\" d=\"M31.54 0l1.05 3.06 3.385-.01-2.735 1.897 1.05 3.042-2.748-1.886-2.738 1.886 1.044-3.05-2.745-1.897h3.393zm13.97 3.019L46.555 6.4l3.384.01-2.743 2.101 1.048 3.387-2.752-2.1-2.752 2.1 1.054-3.382-2.745-2.105h3.385zm9.998 10.056l1.039 3.382h3.38l-2.751 2.1 1.05 3.382-2.744-2.091-2.743 2.091 1.054-3.381-2.754-2.1h3.385zM58.58 27.1l1.04 3.372h3.379l-2.752 2.096 1.05 3.387-2.744-2.091-2.75 2.092 1.054-3.387-2.747-2.097h3.376zm-3.076 14.02l1.044 3.364h3.385l-2.743 2.09 1.05 3.392-2.744-2.097-2.743 2.097 1.052-3.377-2.752-2.117 3.385-.01zm-9.985 9.91l1.045 3.364h3.393l-2.752 2.09 1.05 3.393-2.745-2.097-2.743 2.097 1.05-3.383-2.751-2.1 3.384-.01zM31.45 55.01l1.044 3.043 3.393-.008-2.752 1.9L34.19 63l-2.744-1.895-2.748 1.891 1.054-3.05-2.743-1.9h3.384zm-13.934-3.98l1.036 3.364h3.402l-2.752 2.09 1.053 3.393-2.747-2.097-2.752 2.097 1.053-3.382-2.743-2.1 3.384-.01zm-9.981-9.91l1.045 3.364h3.398l-2.748 2.09 1.05 3.392-2.753-2.1-2.752 2.096 1.053-3.382-2.743-2.102 3.384-.009zM4.466 27.1l1.038 3.372H8.88l-2.752 2.097 1.053 3.387-2.743-2.09-2.748 2.09 1.053-3.387L0 30.472h3.385zm3.069-14.025l1.045 3.382h3.395L9.23 18.56l1.05 3.381-2.752-2.09-2.752 2.09 1.053-3.381-2.744-2.1h3.384zm9.99-10.056L18.57 6.4l3.393.01-2.743 2.1 1.05 3.373-2.754-2.092-2.751 2.092 1.053-3.382-2.744-2.1h3.384zm24.938 19.394l-10-4.22a2.48 2.48 0 00-1.921 0l-10 4.22A2.529 2.529 0 0019 24.75c0 10.47 5.964 17.705 11.537 20.057a2.48 2.48 0 001.921 0C36.921 42.924 44 36.421 44 24.75a2.532 2.532 0 00-1.537-2.336zm-2.46 6.023l-9.583 9.705a.83.83 0 01-1.177 0l-5.416-5.485a.855.855 0 010-1.192l1.177-1.192a.83.83 0 011.177 0l3.65 3.697 7.819-7.916a.83.83 0 011.177 0l1.177 1.191a.843.843 0 010 1.192z\" fill=\"#0092FF\"><\/path>\n                  <\/symbol>\n                <\/defs>\n              <\/svg>\n              <svg class=\"svgIcon-sphere\" style=\"width:63px; height:63px;\">\n                <use xlink:href=\"#svgIcon-sphere\"><\/use>\n              <\/svg>\n            <\/div>\n            <p style=\"font-size:14px; text-align:left; font-family:'Segoe Pro',Helvetica,Arial,Lucida,sans-serif; color:#687484; background-color:transparent;\">\n              We use Sendinblue as our marketing platform. By Clicking below to submit this form, you acknowledge that the information you provided will be transferred to Sendinblue for processing in accordance with their <a target=\"_blank\" class=\"clickable_link\" href=\"https:\/\/www.sendinblue.com\/legal\/termsofuse\/\" rel=\"noopener\">terms of use<\/a>\n            <\/p>\n          <\/div>\n\n        <\/div>\n        <div style=\"padding: 8px 0;\">\n          <div class=\"sib-form-block\" style=\"text-align: left\">\n            <button class=\"sib-form-block__button sib-form-block__button-with-loader\" style=\"font-size:16px; text-align:left; font-weight:700; font-family:\"Helvetica\", sans-serif; color:#FFFFFF; background-image: linear-gradient(160deg,#36A9E1 0%,#007CFF 100%); border-radius:3px; border-width:0px;\" form=\"sib-form\" type=\"submit\">\n              <svg class=\"icon clickable__icon progress-indicator__icon sib-hide-loader-icon\" viewBox=\"0 0 512 512\">\n                <path d=\"M460.116 373.846l-20.823-12.022c-5.541-3.199-7.54-10.159-4.663-15.874 30.137-59.886 28.343-131.652-5.386-189.946-33.641-58.394-94.896-95.833-161.827-99.676C261.028 55.961 256 50.751 256 44.352V20.309c0-6.904 5.808-12.337 12.703-11.982 83.556 4.306 160.163 50.864 202.11 123.677 42.063 72.696 44.079 162.316 6.031 236.832-3.14 6.148-10.75 8.461-16.728 5.01z\" \/>\n              <\/svg>\n              Jetzt kostenfrei anmelden\n            <\/button>\n          <\/div>\n        <\/div>\n\n        <input type=\"text\" name=\"email_address_check\" value=\"\" class=\"input--hidden\">\n        <input type=\"hidden\" name=\"locale\" value=\"de\">\n      <\/form>\n    <\/div>\n  <\/div>\n<\/div>\n<!-- END - We recommend to place the below code where you want the form in your website html  -->\n\n<!-- START - We recommend to place the below code in footer or bottom of your website html  -->\n<script>\n  window.REQUIRED_CODE_ERROR_MESSAGE = 'W\u00e4hlen Sie bitte einen L\u00e4ndervorwahl aus.';\n  window.LOCALE = 'de';\n  window.EMAIL_INVALID_MESSAGE = window.SMS_INVALID_MESSAGE = \"Ihre bereitgestellten Informationen sind ung\u00fcltig. Bitte pr\u00fcfen Sie Ihre Eingaben.\";\n\n  window.REQUIRED_ERROR_MESSAGE = \"Dieses Feld darf nicht leer sein. \";\n\n  window.GENERIC_INVALID_MESSAGE = \"Ihre bereitgestellten Informationen sind ung\u00fcltig. Bitte pr\u00fcfen Sie Ihre Eingaben.\";\n\n\n\n\n  window.translation = {\n    common: {\n      selectedList: '{quantity} Liste ausgew\u00e4hlt',\n      selectedLists: '{quantity} Listen ausgew\u00e4hlt'\n    }\n  };\n\n  var AUTOHIDE = Boolean(1);\n<\/script>\n<script defer src=\"https:\/\/sibforms.com\/forms\/end-form\/build\/main.js\"><\/script>\n\n\n<!-- END - We recommend to place the above code in footer or bottom of your website html  -->\n<!-- End Brevo Form --><\/div><\/div>\n<\/div>\n<\/div>\n<\/div>","protected":false},"excerpt":{"rendered":"<p>The implementation of the General Data Protection Regulation (GDPR) continues to pose a major challenge for many companies. How do we ensure that we do not lose track of all existing regulations and what role does data protection play in this?<\/p>","protected":false},"author":3,"featured_media":239114,"comment_status":"open","ping_status":"open","sticky":false,"template":"","format":"standard","meta":{"footnotes":""},"categories":[20],"tags":[],"class_list":["post-238691","post","type-post","status-publish","format-standard","has-post-thumbnail","hentry","category-informationssicherheit"],"yoast_head":"<!-- This site is optimized with the Yoast SEO plugin v27.1.1 - https:\/\/yoast.com\/product\/yoast-seo-wordpress\/ -->\n<title>Datenschutz-Herausforderungen durch neue EU-Regularien - LM IT Services AG<\/title>\n<meta name=\"description\" content=\"Die DSGVO-Umsetzung ist f\u00fcr viele Unternehmen herausfordernd. Wie den \u00dcberblick behalten? Welche Rolle spielt Datenschutz?\" \/>\n<meta name=\"robots\" content=\"index, follow, max-snippet:-1, max-image-preview:large, max-video-preview:-1\" \/>\n<link rel=\"canonical\" href=\"https:\/\/www.lm-ag.de\/en\/data-protection-challenges-due-to-new-eu-regulations\/\" \/>\n<meta property=\"og:locale\" content=\"en_GB\" \/>\n<meta property=\"og:type\" content=\"article\" \/>\n<meta property=\"og:title\" content=\"Datenschutz ein Thema f\u00fcr alle\" \/>\n<meta property=\"og:description\" content=\"Die DSGVO-Umsetzung ist f\u00fcr viele Unternehmen herausfordernd. Wie den \u00dcberblick behalten? Welche Rolle spielt Datenschutz?\" \/>\n<meta property=\"og:url\" content=\"https:\/\/www.lm-ag.de\/en\/data-protection-challenges-due-to-new-eu-regulations\/\" \/>\n<meta property=\"og:site_name\" content=\"LM IT Services AG\" \/>\n<meta property=\"article:publisher\" content=\"https:\/\/www.facebook.com\/LMITServicesAG\" \/>\n<meta property=\"article:published_time\" content=\"2024-04-03T08:57:19+00:00\" \/>\n<meta property=\"article:modified_time\" content=\"2026-04-28T08:59:47+00:00\" \/>\n<meta property=\"og:image\" content=\"https:\/\/www.lm-ag.de\/wp-content\/uploads\/2025\/04\/datenschutzrahmenEUUS.jpg\" \/>\n\t<meta property=\"og:image:width\" content=\"1024\" \/>\n\t<meta property=\"og:image:height\" content=\"683\" \/>\n\t<meta property=\"og:image:type\" content=\"image\/jpeg\" \/>\n<meta name=\"author\" content=\"jmandel\" \/>\n<meta name=\"twitter:card\" content=\"summary_large_image\" \/>\n<meta name=\"twitter:title\" content=\"Datenschutz ein Thema f\u00fcr alle\" \/>\n<meta name=\"twitter:image\" content=\"https:\/\/www.lm-ag.de\/wp-content\/uploads\/2025\/04\/datenschutzrahmenEUUS.jpg\" \/>\n<meta name=\"twitter:label1\" content=\"Written by\" \/>\n\t<meta name=\"twitter:data1\" content=\"jmandel\" \/>\n\t<meta name=\"twitter:label2\" content=\"Estimated reading time\" \/>\n\t<meta name=\"twitter:data2\" content=\"1 minute\" \/>\n<script type=\"application\/ld+json\" class=\"yoast-schema-graph\">{\"@context\":\"https:\/\/schema.org\",\"@graph\":[{\"@type\":\"Article\",\"@id\":\"https:\/\/www.lm-ag.de\/datenschutz-herausforderungen-durch-neue-eu-regularien\/#article\",\"isPartOf\":{\"@id\":\"https:\/\/www.lm-ag.de\/datenschutz-herausforderungen-durch-neue-eu-regularien\/\"},\"author\":{\"name\":\"jmandel\",\"@id\":\"https:\/\/www.lm-ag.de\/#\/schema\/person\/ff28b446631f0f08d8110d9a7948b746\"},\"headline\":\"Datenschutz-Herausforderungen durch neue EU-Regularien\",\"datePublished\":\"2024-04-03T08:57:19+00:00\",\"dateModified\":\"2026-04-28T08:59:47+00:00\",\"mainEntityOfPage\":{\"@id\":\"https:\/\/www.lm-ag.de\/datenschutz-herausforderungen-durch-neue-eu-regularien\/\"},\"wordCount\":4,\"commentCount\":0,\"publisher\":{\"@id\":\"https:\/\/www.lm-ag.de\/#organization\"},\"image\":{\"@id\":\"https:\/\/www.lm-ag.de\/datenschutz-herausforderungen-durch-neue-eu-regularien\/#primaryimage\"},\"thumbnailUrl\":\"https:\/\/www.lm-ag.de\/wp-content\/uploads\/2025\/03\/LM_Blog-DatenschutzgrundverordnungEU.jpg\",\"articleSection\":[\"Informationssicherheit\"],\"inLanguage\":\"en-GB\",\"potentialAction\":[{\"@type\":\"CommentAction\",\"name\":\"Comment\",\"target\":[\"https:\/\/www.lm-ag.de\/datenschutz-herausforderungen-durch-neue-eu-regularien\/#respond\"]}]},{\"@type\":\"WebPage\",\"@id\":\"https:\/\/www.lm-ag.de\/datenschutz-herausforderungen-durch-neue-eu-regularien\/\",\"url\":\"https:\/\/www.lm-ag.de\/datenschutz-herausforderungen-durch-neue-eu-regularien\/\",\"name\":\"Datenschutz-Herausforderungen durch neue EU-Regularien - LM IT Services AG\",\"isPartOf\":{\"@id\":\"https:\/\/www.lm-ag.de\/#website\"},\"primaryImageOfPage\":{\"@id\":\"https:\/\/www.lm-ag.de\/datenschutz-herausforderungen-durch-neue-eu-regularien\/#primaryimage\"},\"image\":{\"@id\":\"https:\/\/www.lm-ag.de\/datenschutz-herausforderungen-durch-neue-eu-regularien\/#primaryimage\"},\"thumbnailUrl\":\"https:\/\/www.lm-ag.de\/wp-content\/uploads\/2025\/03\/LM_Blog-DatenschutzgrundverordnungEU.jpg\",\"datePublished\":\"2024-04-03T08:57:19+00:00\",\"dateModified\":\"2026-04-28T08:59:47+00:00\",\"description\":\"Die DSGVO-Umsetzung ist f\u00fcr viele Unternehmen herausfordernd. Wie den \u00dcberblick behalten? Welche Rolle spielt Datenschutz?\",\"breadcrumb\":{\"@id\":\"https:\/\/www.lm-ag.de\/datenschutz-herausforderungen-durch-neue-eu-regularien\/#breadcrumb\"},\"inLanguage\":\"en-GB\",\"potentialAction\":[{\"@type\":\"ReadAction\",\"target\":[\"https:\/\/www.lm-ag.de\/datenschutz-herausforderungen-durch-neue-eu-regularien\/\"]}]},{\"@type\":\"ImageObject\",\"inLanguage\":\"en-GB\",\"@id\":\"https:\/\/www.lm-ag.de\/datenschutz-herausforderungen-durch-neue-eu-regularien\/#primaryimage\",\"url\":\"https:\/\/www.lm-ag.de\/wp-content\/uploads\/2025\/03\/LM_Blog-DatenschutzgrundverordnungEU.jpg\",\"contentUrl\":\"https:\/\/www.lm-ag.de\/wp-content\/uploads\/2025\/03\/LM_Blog-DatenschutzgrundverordnungEU.jpg\",\"width\":1920,\"height\":683},{\"@type\":\"BreadcrumbList\",\"@id\":\"https:\/\/www.lm-ag.de\/datenschutz-herausforderungen-durch-neue-eu-regularien\/#breadcrumb\",\"itemListElement\":[{\"@type\":\"ListItem\",\"position\":1,\"name\":\"Home\",\"item\":\"https:\/\/www.lm-ag.de\/\"},{\"@type\":\"ListItem\",\"position\":2,\"name\":\"Datenschutz-Herausforderungen durch neue EU-Regularien\"}]},{\"@type\":\"WebSite\",\"@id\":\"https:\/\/www.lm-ag.de\/#website\",\"url\":\"https:\/\/www.lm-ag.de\/\",\"name\":\"LM IT Services AG\",\"description\":\"Der IT Dienstleister aus Osnabr\u00fcck\",\"publisher\":{\"@id\":\"https:\/\/www.lm-ag.de\/#organization\"},\"potentialAction\":[{\"@type\":\"SearchAction\",\"target\":{\"@type\":\"EntryPoint\",\"urlTemplate\":\"https:\/\/www.lm-ag.de\/?s={search_term_string}\"},\"query-input\":{\"@type\":\"PropertyValueSpecification\",\"valueRequired\":true,\"valueName\":\"search_term_string\"}}],\"inLanguage\":\"en-GB\"},{\"@type\":\"Organization\",\"@id\":\"https:\/\/www.lm-ag.de\/#organization\",\"name\":\"LM IT Services AG\",\"url\":\"https:\/\/www.lm-ag.de\/\",\"logo\":{\"@type\":\"ImageObject\",\"inLanguage\":\"en-GB\",\"@id\":\"https:\/\/www.lm-ag.de\/#\/schema\/logo\/image\/\",\"url\":\"https:\/\/www.lm-ag.de\/wp-content\/uploads\/2025\/04\/LM_Historie-2022.svg\",\"contentUrl\":\"https:\/\/www.lm-ag.de\/wp-content\/uploads\/2025\/04\/LM_Historie-2022.svg\",\"width\":1,\"height\":1,\"caption\":\"LM IT Services AG\"},\"image\":{\"@id\":\"https:\/\/www.lm-ag.de\/#\/schema\/logo\/image\/\"},\"sameAs\":[\"https:\/\/www.facebook.com\/LMITServicesAG\",\"https:\/\/www.linkedin.com\/company\/lm-it-services-ag\/\",\"https:\/\/www.instagram.com\/lmitservicesag\/\",\"https:\/\/www.youtube.com\/channel\/UC8C4s1Arjmt9NgOBgzpH39Q\"]},{\"@type\":\"Person\",\"@id\":\"https:\/\/www.lm-ag.de\/#\/schema\/person\/ff28b446631f0f08d8110d9a7948b746\",\"name\":\"jmandel\"}]}<\/script>\n<!-- \/ Yoast SEO plugin. -->","yoast_head_json":{"title":"Data protection challenges due to new EU regulations - LM IT Services AG","description":"GDPR implementation is a challenge for many companies. How to maintain an overview? What role does data protection play?","robots":{"index":"index","follow":"follow","max-snippet":"max-snippet:-1","max-image-preview":"max-image-preview:large","max-video-preview":"max-video-preview:-1"},"canonical":"https:\/\/www.lm-ag.de\/en\/data-protection-challenges-due-to-new-eu-regulations\/","og_locale":"en_GB","og_type":"article","og_title":"Datenschutz ein Thema f\u00fcr alle","og_description":"Die DSGVO-Umsetzung ist f\u00fcr viele Unternehmen herausfordernd. Wie den \u00dcberblick behalten? Welche Rolle spielt Datenschutz?","og_url":"https:\/\/www.lm-ag.de\/en\/data-protection-challenges-due-to-new-eu-regulations\/","og_site_name":"LM IT Services AG","article_publisher":"https:\/\/www.facebook.com\/LMITServicesAG","article_published_time":"2024-04-03T08:57:19+00:00","article_modified_time":"2026-04-28T08:59:47+00:00","og_image":[{"width":1024,"height":683,"url":"https:\/\/www.lm-ag.de\/wp-content\/uploads\/2025\/04\/datenschutzrahmenEUUS.jpg","type":"image\/jpeg"}],"author":"jmandel","twitter_card":"summary_large_image","twitter_title":"Datenschutz ein Thema f\u00fcr alle","twitter_image":"https:\/\/www.lm-ag.de\/wp-content\/uploads\/2025\/04\/datenschutzrahmenEUUS.jpg","twitter_misc":{"Written by":"jmandel","Estimated reading time":"1 minute"},"schema":{"@context":"https:\/\/schema.org","@graph":[{"@type":"Article","@id":"https:\/\/www.lm-ag.de\/datenschutz-herausforderungen-durch-neue-eu-regularien\/#article","isPartOf":{"@id":"https:\/\/www.lm-ag.de\/datenschutz-herausforderungen-durch-neue-eu-regularien\/"},"author":{"name":"jmandel","@id":"https:\/\/www.lm-ag.de\/#\/schema\/person\/ff28b446631f0f08d8110d9a7948b746"},"headline":"Datenschutz-Herausforderungen durch neue EU-Regularien","datePublished":"2024-04-03T08:57:19+00:00","dateModified":"2026-04-28T08:59:47+00:00","mainEntityOfPage":{"@id":"https:\/\/www.lm-ag.de\/datenschutz-herausforderungen-durch-neue-eu-regularien\/"},"wordCount":4,"commentCount":0,"publisher":{"@id":"https:\/\/www.lm-ag.de\/#organization"},"image":{"@id":"https:\/\/www.lm-ag.de\/datenschutz-herausforderungen-durch-neue-eu-regularien\/#primaryimage"},"thumbnailUrl":"https:\/\/www.lm-ag.de\/wp-content\/uploads\/2025\/03\/LM_Blog-DatenschutzgrundverordnungEU.jpg","articleSection":["Informationssicherheit"],"inLanguage":"en-GB","potentialAction":[{"@type":"CommentAction","name":"Comment","target":["https:\/\/www.lm-ag.de\/datenschutz-herausforderungen-durch-neue-eu-regularien\/#respond"]}]},{"@type":"WebPage","@id":"https:\/\/www.lm-ag.de\/datenschutz-herausforderungen-durch-neue-eu-regularien\/","url":"https:\/\/www.lm-ag.de\/datenschutz-herausforderungen-durch-neue-eu-regularien\/","name":"Data protection challenges due to new EU regulations - LM IT Services AG","isPartOf":{"@id":"https:\/\/www.lm-ag.de\/#website"},"primaryImageOfPage":{"@id":"https:\/\/www.lm-ag.de\/datenschutz-herausforderungen-durch-neue-eu-regularien\/#primaryimage"},"image":{"@id":"https:\/\/www.lm-ag.de\/datenschutz-herausforderungen-durch-neue-eu-regularien\/#primaryimage"},"thumbnailUrl":"https:\/\/www.lm-ag.de\/wp-content\/uploads\/2025\/03\/LM_Blog-DatenschutzgrundverordnungEU.jpg","datePublished":"2024-04-03T08:57:19+00:00","dateModified":"2026-04-28T08:59:47+00:00","description":"GDPR implementation is a challenge for many companies. How to maintain an overview? What role does data protection play?","breadcrumb":{"@id":"https:\/\/www.lm-ag.de\/datenschutz-herausforderungen-durch-neue-eu-regularien\/#breadcrumb"},"inLanguage":"en-GB","potentialAction":[{"@type":"ReadAction","target":["https:\/\/www.lm-ag.de\/datenschutz-herausforderungen-durch-neue-eu-regularien\/"]}]},{"@type":"ImageObject","inLanguage":"en-GB","@id":"https:\/\/www.lm-ag.de\/datenschutz-herausforderungen-durch-neue-eu-regularien\/#primaryimage","url":"https:\/\/www.lm-ag.de\/wp-content\/uploads\/2025\/03\/LM_Blog-DatenschutzgrundverordnungEU.jpg","contentUrl":"https:\/\/www.lm-ag.de\/wp-content\/uploads\/2025\/03\/LM_Blog-DatenschutzgrundverordnungEU.jpg","width":1920,"height":683},{"@type":"BreadcrumbList","@id":"https:\/\/www.lm-ag.de\/datenschutz-herausforderungen-durch-neue-eu-regularien\/#breadcrumb","itemListElement":[{"@type":"ListItem","position":1,"name":"Home","item":"https:\/\/www.lm-ag.de\/"},{"@type":"ListItem","position":2,"name":"Datenschutz-Herausforderungen durch neue EU-Regularien"}]},{"@type":"WebSite","@id":"https:\/\/www.lm-ag.de\/#website","url":"https:\/\/www.lm-ag.de\/","name":"LM IT Services AG","description":"The IT service provider from Osnabr\u00fcck","publisher":{"@id":"https:\/\/www.lm-ag.de\/#organization"},"potentialAction":[{"@type":"SearchAction","target":{"@type":"EntryPoint","urlTemplate":"https:\/\/www.lm-ag.de\/?s={search_term_string}"},"query-input":{"@type":"PropertyValueSpecification","valueRequired":true,"valueName":"search_term_string"}}],"inLanguage":"en-GB"},{"@type":"Organization","@id":"https:\/\/www.lm-ag.de\/#organization","name":"LM IT Services AG","url":"https:\/\/www.lm-ag.de\/","logo":{"@type":"ImageObject","inLanguage":"en-GB","@id":"https:\/\/www.lm-ag.de\/#\/schema\/logo\/image\/","url":"https:\/\/www.lm-ag.de\/wp-content\/uploads\/2025\/04\/LM_Historie-2022.svg","contentUrl":"https:\/\/www.lm-ag.de\/wp-content\/uploads\/2025\/04\/LM_Historie-2022.svg","width":1,"height":1,"caption":"LM IT Services AG"},"image":{"@id":"https:\/\/www.lm-ag.de\/#\/schema\/logo\/image\/"},"sameAs":["https:\/\/www.facebook.com\/LMITServicesAG","https:\/\/www.linkedin.com\/company\/lm-it-services-ag\/","https:\/\/www.instagram.com\/lmitservicesag\/","https:\/\/www.youtube.com\/channel\/UC8C4s1Arjmt9NgOBgzpH39Q"]},{"@type":"Person","@id":"https:\/\/www.lm-ag.de\/#\/schema\/person\/ff28b446631f0f08d8110d9a7948b746","name":"jmandel"}]}},"_links":{"self":[{"href":"https:\/\/www.lm-ag.de\/en\/wp-json\/wp\/v2\/posts\/238691","targetHints":{"allow":["GET"]}}],"collection":[{"href":"https:\/\/www.lm-ag.de\/en\/wp-json\/wp\/v2\/posts"}],"about":[{"href":"https:\/\/www.lm-ag.de\/en\/wp-json\/wp\/v2\/types\/post"}],"author":[{"embeddable":true,"href":"https:\/\/www.lm-ag.de\/en\/wp-json\/wp\/v2\/users\/3"}],"replies":[{"embeddable":true,"href":"https:\/\/www.lm-ag.de\/en\/wp-json\/wp\/v2\/comments?post=238691"}],"version-history":[{"count":16,"href":"https:\/\/www.lm-ag.de\/en\/wp-json\/wp\/v2\/posts\/238691\/revisions"}],"predecessor-version":[{"id":247049,"href":"https:\/\/www.lm-ag.de\/en\/wp-json\/wp\/v2\/posts\/238691\/revisions\/247049"}],"wp:featuredmedia":[{"embeddable":true,"href":"https:\/\/www.lm-ag.de\/en\/wp-json\/wp\/v2\/media\/239114"}],"wp:attachment":[{"href":"https:\/\/www.lm-ag.de\/en\/wp-json\/wp\/v2\/media?parent=238691"}],"wp:term":[{"taxonomy":"category","embeddable":true,"href":"https:\/\/www.lm-ag.de\/en\/wp-json\/wp\/v2\/categories?post=238691"},{"taxonomy":"post_tag","embeddable":true,"href":"https:\/\/www.lm-ag.de\/en\/wp-json\/wp\/v2\/tags?post=238691"}],"curies":[{"name":"wp","href":"https:\/\/api.w.org\/{rel}","templated":true}]}}